{"id":3157,"date":"2023-02-14T11:30:05","date_gmt":"2023-02-14T10:30:05","guid":{"rendered":"https:\/\/www.kils.de\/fotokurse\/?p=3157"},"modified":"2024-12-11T14:18:21","modified_gmt":"2024-12-11T13:18:21","slug":"post_155","status":"publish","type":"post","link":"https:\/\/www.kils.de\/fotokurse\/2023\/02\/14\/post_155\/","title":{"rendered":"6. Kursabend"},"content":{"rendered":"\n<p class=\"has-text-align-left\" style=\"font-size:20px\"><em>Objektive<\/em><\/p>\n\n\n\n<figure data-wp-context=\"{&quot;imageId&quot;:&quot;69f3da687a19b&quot;}\" data-wp-interactive=\"core\/image\" data-wp-key=\"69f3da687a19b\" class=\"wp-block-image alignwide size-large wp-lightbox-container\"><img loading=\"lazy\" decoding=\"async\" width=\"1024\" height=\"683\" data-wp-class--hide=\"state.isContentHidden\" data-wp-class--show=\"state.isContentVisible\" data-wp-init=\"callbacks.setButtonStyles\" data-wp-on--click=\"actions.showLightbox\" data-wp-on--load=\"callbacks.setButtonStyles\" data-wp-on-window--resize=\"callbacks.setButtonStyles\" src=\"https:\/\/www.kils.de\/fotokurse\/wp-content\/uploads\/2023\/12\/BK200916_2753-RAF_DxO_DeepPRIME-CC-1024x683.jpg\" alt=\"\" class=\"wp-image-3181\" srcset=\"https:\/\/www.kils.de\/fotokurse\/wp-content\/uploads\/2023\/12\/BK200916_2753-RAF_DxO_DeepPRIME-CC-1024x683.jpg 1024w, https:\/\/www.kils.de\/fotokurse\/wp-content\/uploads\/2023\/12\/BK200916_2753-RAF_DxO_DeepPRIME-CC-300x200.jpg 300w, https:\/\/www.kils.de\/fotokurse\/wp-content\/uploads\/2023\/12\/BK200916_2753-RAF_DxO_DeepPRIME-CC-768x512.jpg 768w, https:\/\/www.kils.de\/fotokurse\/wp-content\/uploads\/2023\/12\/BK200916_2753-RAF_DxO_DeepPRIME-CC-1536x1024.jpg 1536w, https:\/\/www.kils.de\/fotokurse\/wp-content\/uploads\/2023\/12\/BK200916_2753-RAF_DxO_DeepPRIME-CC-2048x1366.jpg 2048w\" sizes=\"auto, (max-width: 1024px) 100vw, 1024px\" \/><button\n\t\t\tclass=\"lightbox-trigger\"\n\t\t\ttype=\"button\"\n\t\t\taria-haspopup=\"dialog\"\n\t\t\taria-label=\"Vergr\u00f6\u00dfern\"\n\t\t\tdata-wp-init=\"callbacks.initTriggerButton\"\n\t\t\tdata-wp-on--click=\"actions.showLightbox\"\n\t\t\tdata-wp-style--right=\"state.imageButtonRight\"\n\t\t\tdata-wp-style--top=\"state.imageButtonTop\"\n\t\t>\n\t\t\t<svg xmlns=\"http:\/\/www.w3.org\/2000\/svg\" width=\"12\" height=\"12\" fill=\"none\" viewBox=\"0 0 12 12\">\n\t\t\t\t<path fill=\"#fff\" d=\"M2 0a2 2 0 0 0-2 2v2h1.5V2a.5.5 0 0 1 .5-.5h2V0H2Zm2 10.5H2a.5.5 0 0 1-.5-.5V8H0v2a2 2 0 0 0 2 2h2v-1.5ZM8 12v-1.5h2a.5.5 0 0 0 .5-.5V8H12v2a2 2 0 0 1-2 2H8Zm2-12a2 2 0 0 1 2 2v2h-1.5V2a.5.5 0 0 0-.5-.5H8V0h2Z\" \/>\n\t\t\t<\/svg>\n\t\t<\/button><\/figure>\n\n\n\n<p class=\"has-text-align-center\" style=\"font-size:16px\">200mm Tele | Fuji EX-3 &#8211; 1\/60s bei f \/ 8 und ISO 400<\/p>\n\n\n\n<hr class=\"wp-block-separator has-text-color has-cyan-bluish-gray-color has-alpha-channel-opacity has-cyan-bluish-gray-background-color has-background is-style-wide\"\/>\n\n\n\n<p class=\"has-text-align-center has-medium-font-size\">Der gezielte Einsatz der Objektivbrennweiten erm\u00f6glicht es uns, die Aufmerksamkeit auf das Motiv auf den Punkt zu bringen. Die lange Telebrennweite (200mm x Crop 1,5 entspricht 300mm VF) erm\u00f6glicht es in dieser Aufnahme, die Spinne bildwirksam vom Hintergrund zu isolieren.<\/p>\n\n\n\n<div style=\"height:29px\" aria-hidden=\"true\" class=\"wp-block-spacer\"><\/div>\n\n\n\n<figure data-wp-context=\"{&quot;imageId&quot;:&quot;69f3da687acda&quot;}\" data-wp-interactive=\"core\/image\" data-wp-key=\"69f3da687acda\" class=\"wp-block-image alignwide size-large wp-lightbox-container\"><img loading=\"lazy\" decoding=\"async\" width=\"1024\" height=\"683\" data-wp-class--hide=\"state.isContentHidden\" data-wp-class--show=\"state.isContentVisible\" data-wp-init=\"callbacks.setButtonStyles\" data-wp-on--click=\"actions.showLightbox\" data-wp-on--load=\"callbacks.setButtonStyles\" data-wp-on-window--resize=\"callbacks.setButtonStyles\" src=\"https:\/\/www.kils.de\/fotokurse\/wp-content\/uploads\/2023\/12\/BK200916_2762-RAF_DxO_DeepPRIME-1024x683.jpg\" alt=\"\" class=\"wp-image-3184\" srcset=\"https:\/\/www.kils.de\/fotokurse\/wp-content\/uploads\/2023\/12\/BK200916_2762-RAF_DxO_DeepPRIME-1024x683.jpg 1024w, https:\/\/www.kils.de\/fotokurse\/wp-content\/uploads\/2023\/12\/BK200916_2762-RAF_DxO_DeepPRIME-300x200.jpg 300w, https:\/\/www.kils.de\/fotokurse\/wp-content\/uploads\/2023\/12\/BK200916_2762-RAF_DxO_DeepPRIME-768x512.jpg 768w, https:\/\/www.kils.de\/fotokurse\/wp-content\/uploads\/2023\/12\/BK200916_2762-RAF_DxO_DeepPRIME-1536x1024.jpg 1536w, https:\/\/www.kils.de\/fotokurse\/wp-content\/uploads\/2023\/12\/BK200916_2762-RAF_DxO_DeepPRIME-2048x1366.jpg 2048w\" sizes=\"auto, (max-width: 1024px) 100vw, 1024px\" \/><button\n\t\t\tclass=\"lightbox-trigger\"\n\t\t\ttype=\"button\"\n\t\t\taria-haspopup=\"dialog\"\n\t\t\taria-label=\"Vergr\u00f6\u00dfern\"\n\t\t\tdata-wp-init=\"callbacks.initTriggerButton\"\n\t\t\tdata-wp-on--click=\"actions.showLightbox\"\n\t\t\tdata-wp-style--right=\"state.imageButtonRight\"\n\t\t\tdata-wp-style--top=\"state.imageButtonTop\"\n\t\t>\n\t\t\t<svg xmlns=\"http:\/\/www.w3.org\/2000\/svg\" width=\"12\" height=\"12\" fill=\"none\" viewBox=\"0 0 12 12\">\n\t\t\t\t<path fill=\"#fff\" d=\"M2 0a2 2 0 0 0-2 2v2h1.5V2a.5.5 0 0 1 .5-.5h2V0H2Zm2 10.5H2a.5.5 0 0 1-.5-.5V8H0v2a2 2 0 0 0 2 2h2v-1.5ZM8 12v-1.5h2a.5.5 0 0 0 .5-.5V8H12v2a2 2 0 0 1-2 2H8Zm2-12a2 2 0 0 1 2 2v2h-1.5V2a.5.5 0 0 0-.5-.5H8V0h2Z\" \/>\n\t\t\t<\/svg>\n\t\t<\/button><\/figure>\n\n\n\n<p class=\"has-text-align-center\" style=\"font-size:16px\">55mm Tele | Fuji EX-3 &#8211; 1\/60s bei f \/ 8 und ISO 400<\/p>\n\n\n\n<hr class=\"wp-block-separator has-text-color has-cyan-bluish-gray-color has-alpha-channel-opacity has-cyan-bluish-gray-background-color has-background is-style-wide\"\/>\n\n\n\n<p class=\"has-text-align-center has-medium-font-size\">Diese Aufnahme wurde mit der l\u00e4ngsten Brennweite des Standardzooms einer APS-C &#8211; Kamera gemacht, n\u00e4mlich 55mm.<br>Der Hintergrund ist auch hier sch\u00f6n unscharf, aber gleichzeitig auch deutlich unruhiger.<br>Die l\u00e4ngere Brennweite der obigen Aufnahme sorgt f\u00fcr einen ruhigeren Hintergrund vor dem das eigentliche Motiv besser zur Geltung kommt.<\/p>\n\n\n\n<div style=\"height:29px\" aria-hidden=\"true\" class=\"wp-block-spacer\"><\/div>\n\n\n\n<figure data-wp-context=\"{&quot;imageId&quot;:&quot;69f3da687b651&quot;}\" data-wp-interactive=\"core\/image\" data-wp-key=\"69f3da687b651\" class=\"wp-block-image alignwide size-large wp-lightbox-container\"><img loading=\"lazy\" decoding=\"async\" width=\"1024\" height=\"683\" data-wp-class--hide=\"state.isContentHidden\" data-wp-class--show=\"state.isContentVisible\" data-wp-init=\"callbacks.setButtonStyles\" data-wp-on--click=\"actions.showLightbox\" data-wp-on--load=\"callbacks.setButtonStyles\" data-wp-on-window--resize=\"callbacks.setButtonStyles\" src=\"https:\/\/www.kils.de\/fotokurse\/wp-content\/uploads\/2023\/12\/BK200916_2753-RAF_DxO_DeepPRIME-Topaz-Sharpen-AI-Gigapixel-1024x683.jpg\" alt=\"\" class=\"wp-image-3190\" srcset=\"https:\/\/www.kils.de\/fotokurse\/wp-content\/uploads\/2023\/12\/BK200916_2753-RAF_DxO_DeepPRIME-Topaz-Sharpen-AI-Gigapixel-1024x683.jpg 1024w, https:\/\/www.kils.de\/fotokurse\/wp-content\/uploads\/2023\/12\/BK200916_2753-RAF_DxO_DeepPRIME-Topaz-Sharpen-AI-Gigapixel-300x200.jpg 300w, https:\/\/www.kils.de\/fotokurse\/wp-content\/uploads\/2023\/12\/BK200916_2753-RAF_DxO_DeepPRIME-Topaz-Sharpen-AI-Gigapixel-768x512.jpg 768w, https:\/\/www.kils.de\/fotokurse\/wp-content\/uploads\/2023\/12\/BK200916_2753-RAF_DxO_DeepPRIME-Topaz-Sharpen-AI-Gigapixel-1536x1024.jpg 1536w, https:\/\/www.kils.de\/fotokurse\/wp-content\/uploads\/2023\/12\/BK200916_2753-RAF_DxO_DeepPRIME-Topaz-Sharpen-AI-Gigapixel-2048x1366.jpg 2048w\" sizes=\"auto, (max-width: 1024px) 100vw, 1024px\" \/><button\n\t\t\tclass=\"lightbox-trigger\"\n\t\t\ttype=\"button\"\n\t\t\taria-haspopup=\"dialog\"\n\t\t\taria-label=\"Vergr\u00f6\u00dfern\"\n\t\t\tdata-wp-init=\"callbacks.initTriggerButton\"\n\t\t\tdata-wp-on--click=\"actions.showLightbox\"\n\t\t\tdata-wp-style--right=\"state.imageButtonRight\"\n\t\t\tdata-wp-style--top=\"state.imageButtonTop\"\n\t\t>\n\t\t\t<svg xmlns=\"http:\/\/www.w3.org\/2000\/svg\" width=\"12\" height=\"12\" fill=\"none\" viewBox=\"0 0 12 12\">\n\t\t\t\t<path fill=\"#fff\" d=\"M2 0a2 2 0 0 0-2 2v2h1.5V2a.5.5 0 0 1 .5-.5h2V0H2Zm2 10.5H2a.5.5 0 0 1-.5-.5V8H0v2a2 2 0 0 0 2 2h2v-1.5ZM8 12v-1.5h2a.5.5 0 0 0 .5-.5V8H12v2a2 2 0 0 1-2 2H8Zm2-12a2 2 0 0 1 2 2v2h-1.5V2a.5.5 0 0 0-.5-.5H8V0h2Z\" \/>\n\t\t\t<\/svg>\n\t\t<\/button><\/figure>\n\n\n\n<p class=\"has-text-align-center\" style=\"font-size:16px\">200mm Tele | Fuji EX-3 &#8211; 1\/60s bei f \/ 8 und ISO 400<\/p>\n\n\n\n<hr class=\"wp-block-separator has-text-color has-cyan-bluish-gray-color has-alpha-channel-opacity has-cyan-bluish-gray-background-color has-background is-style-wide\"\/>\n\n\n\n<p class=\"has-text-align-center\" style=\"font-size:18px\">Wer nicht unter Arachnophobie leidet und \u00fcber ein (Makro-) Objektiv verf\u00fcgt, das dann auch nicht unter Astigmatismus leiden sollte, darf sich gerne n\u00e4her heran trauen!<br>Kreuzspinnen sind f\u00fcr Menschen ungef\u00e4hrlich!<\/p>\n\n\n\n<p class=\"has-text-align-center\" style=\"font-size:18px\">Alle anderen k\u00f6nnen es so machen, wie ich es gemacht habe: das erste Foto zun\u00e4chst mit DxO-Pure Raw richtig sch\u00f6n entrauschen und grundsch\u00e4rfen, danach mit Topaz Sharpen AI die Sch\u00e4rfe nochmal deutlich erh\u00f6hen und danach die 24 Megapixel der Fuji-EX 3 mal ebenauf 96 Megapixel aufblasen um das Bild anschlie\u00dfend sch\u00f6n zu croppen. Im Endeffekt entspricht der endg\u00fcltige Bildausschnitt ungef\u00e4hr einer Aufnahme, f\u00fcr die ich an einer Vollformatkamera ungef\u00e4hr ein 1000mm Teleobjektiv ben\u00f6tigt h\u00e4tte \ud83d\ude09<\/p>\n\n\n\n<hr class=\"wp-block-separator has-text-color has-cyan-bluish-gray-color has-alpha-channel-opacity has-cyan-bluish-gray-background-color has-background is-style-wide\"\/>\n\n\n\n<p class=\"has-text-align-center\" style=\"font-size:18px\">Am kommenden Dienstag (14.02.2023) geht es um die Wirkungsweise der verschiedenen Objektive, also den Gestaltungsm\u00f6glichkeiten, die uns die Objektive bieten und die damit einhergehende Tiefensch\u00e4rfe!<\/p>\n\n\n\n\n<div style=\"height:20px\" aria-hidden=\"true\" class=\"wp-block-spacer\"><\/div>\n\n\n\n<hr class=\"wp-block-separator aligncenter has-text-color has-cyan-bluish-gray-color has-alpha-channel-opacity has-cyan-bluish-gray-background-color has-background is-style-wide\"\/>\n\n\n\n<div class=\"wp-block-columns has-cyan-bluish-gray-color has-text-color has-link-color wp-elements-6e086acffd98fc724b590a15825a625a is-layout-flex wp-container-core-columns-is-layout-9d6595d7 wp-block-columns-is-layout-flex\">\n<div class=\"wp-block-column is-layout-flow wp-block-column-is-layout-flow\"><\/div>\n\n\n\n<div class=\"wp-block-column is-layout-flow wp-block-column-is-layout-flow\"><\/div>\n<\/div>\n","protected":false},"excerpt":{"rendered":"<p>Objektive 200mm Tele | Fuji EX-3 &#8211; 1\/60s bei f \/ 8 und ISO 400 Der gezielte Einsatz der Objektivbrennweiten erm\u00f6glicht es uns, die Aufmerksamkeit auf das Motiv auf den &#8230;<\/p>\n","protected":false},"author":1,"featured_media":3190,"comment_status":"open","ping_status":"closed","sticky":false,"template":"","format":"standard","meta":{"slim_seo":{"title":"6. Kursabend - Fotografie &amp; Bildbestaltung","description":"Objektive 200mm Tele | Fuji EX-3 - 1\/60s bei f \/ 8 und ISO 400 Der gezielte Einsatz der Objektivbrennweiten erm\u00f6glicht es uns, die Aufmerksamkeit auf das Motiv"},"footnotes":""},"categories":[50],"tags":[54,49],"class_list":["post-3157","post","type-post","status-publish","format-standard","has-post-thumbnail","hentry","category-objektive","tag-exkursion","tag-objektive"],"_links":{"self":[{"href":"https:\/\/www.kils.de\/fotokurse\/wp-json\/wp\/v2\/posts\/3157","targetHints":{"allow":["GET"]}}],"collection":[{"href":"https:\/\/www.kils.de\/fotokurse\/wp-json\/wp\/v2\/posts"}],"about":[{"href":"https:\/\/www.kils.de\/fotokurse\/wp-json\/wp\/v2\/types\/post"}],"author":[{"embeddable":true,"href":"https:\/\/www.kils.de\/fotokurse\/wp-json\/wp\/v2\/users\/1"}],"replies":[{"embeddable":true,"href":"https:\/\/www.kils.de\/fotokurse\/wp-json\/wp\/v2\/comments?post=3157"}],"version-history":[{"count":0,"href":"https:\/\/www.kils.de\/fotokurse\/wp-json\/wp\/v2\/posts\/3157\/revisions"}],"wp:featuredmedia":[{"embeddable":true,"href":"https:\/\/www.kils.de\/fotokurse\/wp-json\/wp\/v2\/media\/3190"}],"wp:attachment":[{"href":"https:\/\/www.kils.de\/fotokurse\/wp-json\/wp\/v2\/media?parent=3157"}],"wp:term":[{"taxonomy":"category","embeddable":true,"href":"https:\/\/www.kils.de\/fotokurse\/wp-json\/wp\/v2\/categories?post=3157"},{"taxonomy":"post_tag","embeddable":true,"href":"https:\/\/www.kils.de\/fotokurse\/wp-json\/wp\/v2\/tags?post=3157"}],"curies":[{"name":"wp","href":"https:\/\/api.w.org\/{rel}","templated":true}]}}