{"id":3203,"date":"2023-01-24T19:32:16","date_gmt":"2023-01-24T18:32:16","guid":{"rendered":"https:\/\/www.kils.de\/fotokurse\/?p=3203"},"modified":"2024-12-11T14:19:01","modified_gmt":"2024-12-11T13:19:01","slug":"post_152","status":"publish","type":"post","link":"https:\/\/www.kils.de\/fotokurse\/2023\/01\/24\/post_152\/","title":{"rendered":"3. Kursabend"},"content":{"rendered":"\n<p class=\"has-medium-font-size\"><em>Wei\u00dfe M\u00e4use!<\/em><\/p>\n\n\n\n<figure data-wp-context=\"{&quot;imageId&quot;:&quot;69f4c56283e2d&quot;}\" data-wp-interactive=\"core\/image\" data-wp-key=\"69f4c56283e2d\" class=\"wp-block-image alignwide size-large wp-lightbox-container\"><img loading=\"lazy\" decoding=\"async\" width=\"1024\" height=\"576\" data-wp-class--hide=\"state.isContentHidden\" data-wp-class--show=\"state.isContentVisible\" data-wp-init=\"callbacks.setButtonStyles\" data-wp-on--click=\"actions.showLightbox\" data-wp-on--load=\"callbacks.setButtonStyles\" data-wp-on-window--resize=\"callbacks.setButtonStyles\" src=\"https:\/\/www.kils.de\/fotokurse\/wp-content\/uploads\/2023\/12\/KRO12_4403-1024x576.jpg\" alt=\"\" class=\"wp-image-3205\" srcset=\"https:\/\/www.kils.de\/fotokurse\/wp-content\/uploads\/2023\/12\/KRO12_4403-1024x576.jpg 1024w, https:\/\/www.kils.de\/fotokurse\/wp-content\/uploads\/2023\/12\/KRO12_4403-300x169.jpg 300w, https:\/\/www.kils.de\/fotokurse\/wp-content\/uploads\/2023\/12\/KRO12_4403-768x432.jpg 768w, https:\/\/www.kils.de\/fotokurse\/wp-content\/uploads\/2023\/12\/KRO12_4403-1536x864.jpg 1536w, https:\/\/www.kils.de\/fotokurse\/wp-content\/uploads\/2023\/12\/KRO12_4403-2048x1152.jpg 2048w\" sizes=\"auto, (max-width: 1024px) 100vw, 1024px\" \/><button\n\t\t\tclass=\"lightbox-trigger\"\n\t\t\ttype=\"button\"\n\t\t\taria-haspopup=\"dialog\"\n\t\t\taria-label=\"Vergr\u00f6\u00dfern\"\n\t\t\tdata-wp-init=\"callbacks.initTriggerButton\"\n\t\t\tdata-wp-on--click=\"actions.showLightbox\"\n\t\t\tdata-wp-style--right=\"state.imageButtonRight\"\n\t\t\tdata-wp-style--top=\"state.imageButtonTop\"\n\t\t>\n\t\t\t<svg xmlns=\"http:\/\/www.w3.org\/2000\/svg\" width=\"12\" height=\"12\" fill=\"none\" viewBox=\"0 0 12 12\">\n\t\t\t\t<path fill=\"#fff\" d=\"M2 0a2 2 0 0 0-2 2v2h1.5V2a.5.5 0 0 1 .5-.5h2V0H2Zm2 10.5H2a.5.5 0 0 1-.5-.5V8H0v2a2 2 0 0 0 2 2h2v-1.5ZM8 12v-1.5h2a.5.5 0 0 0 .5-.5V8H12v2a2 2 0 0 1-2 2H8Zm2-12a2 2 0 0 1 2 2v2h-1.5V2a.5.5 0 0 0-.5-.5H8V0h2Z\" \/>\n\t\t\t<\/svg>\n\t\t<\/button><\/figure>\n\n\n\n<p class=\"has-text-align-center\" style=\"font-size:17px\">Canon EOS 5d Mk II | 1 Sekunde bei f \/ 19 und ISO 100 mit Stativ<\/p>\n\n\n\n<p class=\"has-text-align-center\" style=\"font-size:18px\">Das Foto, aufgenommen an den Plitwitzer Seen, zeigt nicht nur, wie man Wasser mit einer langen Belichtungszeit fliessen l\u00e4sst, sondern auch, dass durch die verwendete sehr kleine Blendeneinstellung auch sehr viel Tiefensch\u00e4rfe entsteht.<\/p>\n\n\n\n<p class=\"has-text-align-center\" style=\"font-size:18px\">Am 24.01.2023 geht es erstmal mit den Belichtungsprogrammen weiter!<br>Wenn die Zeit ausreicht machen wir auch Fotos von den s\u00fc\u00dfen weissen M\u00e4usen!<\/p>\n\n\n\n<p class=\"has-text-align-center\" style=\"font-size:18px\">Die erste Challenge hei\u00dft &#8222;Wasser&#8220;!<br>Ihr k\u00f6nnte es &#8222;einfrieren&#8220; oder fliessen lassen. Am einfachsten geht es mit der Blendenautomatik.<br>Die ISO-Automatik m\u00fcsst ihr, besonders wenn es draussen noch hell ist, ausschalten wenn ihr den &#8222;Wischeffekt&#8220; erzielen m\u00f6chtet! F\u00fcr kurze Belichungszeiten zum &#8222;Einfrieren&#8220; ist die ISO-Automatik jedoch ganz hilfreich.<br>Wer einen IBIS oder eine Bildstabilisierung im Objektiv hat, sollte die eingeschaltet lassen.<\/p>\n\n\n\n<hr class=\"wp-block-separator has-text-color has-cyan-bluish-gray-color has-alpha-channel-opacity has-cyan-bluish-gray-background-color has-background is-style-wide\"\/>\n\n\n\n<div style=\"height:30px\" aria-hidden=\"true\" class=\"wp-block-spacer\"><\/div>\n\n\n\n<p class=\"has-text-align-center\" style=\"font-size:18px\">Die Termine f\u00fcr unsere Exkursionen stehen nun fest:<\/p>\n\n\n\n<p class=\"has-text-align-center\" style=\"font-size:18px\">1. Exkursion: Sonntag 29.01.2023 um 10.30 Uhr<br> und\/oder wahlweise Samstag 04.02.2023 um 10.30 Uhr<\/p>\n\n\n\n<p class=\"has-text-align-center\" style=\"font-size:18px\">2. Exkursion: Freitag 17.02.2023 um 16.30 Uhr<br> und\/oder wahlweise Samstag 24.02.2023 um 16.30 Uhr<\/p>\n\n\n\n<ol class=\"wp-block-list\">\n<li><\/li>\n<\/ol>\n\n\n\n<p><\/p>\n\n\n\n\n<div style=\"height:20px\" aria-hidden=\"true\" class=\"wp-block-spacer\"><\/div>\n\n\n\n<hr class=\"wp-block-separator aligncenter has-text-color has-cyan-bluish-gray-color has-alpha-channel-opacity has-cyan-bluish-gray-background-color has-background is-style-wide\"\/>\n\n\n\n<div class=\"wp-block-columns has-cyan-bluish-gray-color has-text-color has-link-color wp-elements-6e086acffd98fc724b590a15825a625a is-layout-flex wp-container-core-columns-is-layout-9d6595d7 wp-block-columns-is-layout-flex\">\n<div class=\"wp-block-column is-layout-flow wp-block-column-is-layout-flow\"><\/div>\n\n\n\n<div class=\"wp-block-column is-layout-flow wp-block-column-is-layout-flow\"><\/div>\n<\/div>\n","protected":false},"excerpt":{"rendered":"<p>Wei\u00dfe M\u00e4use! Canon EOS 5d Mk II | 1 Sekunde bei f \/ 19 und ISO 100 mit Stativ Das Foto, aufgenommen an den Plitwitzer Seen, zeigt nicht nur, wie &#8230;<\/p>\n","protected":false},"author":1,"featured_media":3205,"comment_status":"open","ping_status":"open","sticky":false,"template":"","format":"standard","meta":{"slim_seo":{"title":"3. Kursabend - Fotografie &amp; Bildbestaltung","description":"Wei\u00dfe M\u00e4use! Canon EOS 5d Mk II | 1 Sekunde bei f \/ 19 und ISO 100 mit Stativ Das Foto, aufgenommen an den Plitwitzer Seen, zeigt nicht nur, wie man Wasser mit"},"footnotes":""},"categories":[60],"tags":[61,54],"class_list":["post-3203","post","type-post","status-publish","format-standard","has-post-thumbnail","hentry","category-belichtungsmessung","tag-belichtungsmessung","tag-exkursion"],"_links":{"self":[{"href":"https:\/\/www.kils.de\/fotokurse\/wp-json\/wp\/v2\/posts\/3203","targetHints":{"allow":["GET"]}}],"collection":[{"href":"https:\/\/www.kils.de\/fotokurse\/wp-json\/wp\/v2\/posts"}],"about":[{"href":"https:\/\/www.kils.de\/fotokurse\/wp-json\/wp\/v2\/types\/post"}],"author":[{"embeddable":true,"href":"https:\/\/www.kils.de\/fotokurse\/wp-json\/wp\/v2\/users\/1"}],"replies":[{"embeddable":true,"href":"https:\/\/www.kils.de\/fotokurse\/wp-json\/wp\/v2\/comments?post=3203"}],"version-history":[{"count":0,"href":"https:\/\/www.kils.de\/fotokurse\/wp-json\/wp\/v2\/posts\/3203\/revisions"}],"wp:featuredmedia":[{"embeddable":true,"href":"https:\/\/www.kils.de\/fotokurse\/wp-json\/wp\/v2\/media\/3205"}],"wp:attachment":[{"href":"https:\/\/www.kils.de\/fotokurse\/wp-json\/wp\/v2\/media?parent=3203"}],"wp:term":[{"taxonomy":"category","embeddable":true,"href":"https:\/\/www.kils.de\/fotokurse\/wp-json\/wp\/v2\/categories?post=3203"},{"taxonomy":"post_tag","embeddable":true,"href":"https:\/\/www.kils.de\/fotokurse\/wp-json\/wp\/v2\/tags?post=3203"}],"curies":[{"name":"wp","href":"https:\/\/api.w.org\/{rel}","templated":true}]}}