{"id":3606,"date":"2024-01-18T12:21:14","date_gmt":"2024-01-18T11:21:14","guid":{"rendered":"https:\/\/www.kils.de\/fotokurse\/?p=3606"},"modified":"2024-12-11T13:00:44","modified_gmt":"2024-12-11T12:00:44","slug":"post_177","status":"publish","type":"post","link":"https:\/\/www.kils.de\/fotokurse\/2024\/01\/18\/post_177\/","title":{"rendered":"2. Kursabend"},"content":{"rendered":"\n<p style=\"font-size:18px\"><em>Belichtungsprogramme<\/em><\/p>\n\n\n\n<figure data-wp-context=\"{&quot;imageId&quot;:&quot;69f4c41e3f1c0&quot;}\" data-wp-interactive=\"core\/image\" data-wp-key=\"69f4c41e3f1c0\" class=\"wp-block-image alignwide size-large wp-lightbox-container\"><img loading=\"lazy\" decoding=\"async\" width=\"1024\" height=\"683\" data-wp-class--hide=\"state.isContentHidden\" data-wp-class--show=\"state.isContentVisible\" data-wp-init=\"callbacks.setButtonStyles\" data-wp-on--click=\"actions.showLightbox\" data-wp-on--load=\"callbacks.setButtonStyles\" data-wp-on-window--resize=\"callbacks.setButtonStyles\" src=\"https:\/\/www.kils.de\/fotokurse\/wp-content\/uploads\/2024\/01\/BER21_3168-RAF_DxO-1024x683.webp\" alt=\"\" class=\"wp-image-3610\" srcset=\"https:\/\/www.kils.de\/fotokurse\/wp-content\/uploads\/2024\/01\/BER21_3168-RAF_DxO-1024x683.webp 1024w, https:\/\/www.kils.de\/fotokurse\/wp-content\/uploads\/2024\/01\/BER21_3168-RAF_DxO-300x200.webp 300w, https:\/\/www.kils.de\/fotokurse\/wp-content\/uploads\/2024\/01\/BER21_3168-RAF_DxO-768x512.webp 768w, https:\/\/www.kils.de\/fotokurse\/wp-content\/uploads\/2024\/01\/BER21_3168-RAF_DxO-1536x1024.webp 1536w, https:\/\/www.kils.de\/fotokurse\/wp-content\/uploads\/2024\/01\/BER21_3168-RAF_DxO-2048x1366.webp 2048w\" sizes=\"auto, (max-width: 1024px) 100vw, 1024px\" \/><button\n\t\t\tclass=\"lightbox-trigger\"\n\t\t\ttype=\"button\"\n\t\t\taria-haspopup=\"dialog\"\n\t\t\taria-label=\"Vergr\u00f6\u00dfern\"\n\t\t\tdata-wp-init=\"callbacks.initTriggerButton\"\n\t\t\tdata-wp-on--click=\"actions.showLightbox\"\n\t\t\tdata-wp-style--right=\"state.imageButtonRight\"\n\t\t\tdata-wp-style--top=\"state.imageButtonTop\"\n\t\t>\n\t\t\t<svg xmlns=\"http:\/\/www.w3.org\/2000\/svg\" width=\"12\" height=\"12\" fill=\"none\" viewBox=\"0 0 12 12\">\n\t\t\t\t<path fill=\"#fff\" d=\"M2 0a2 2 0 0 0-2 2v2h1.5V2a.5.5 0 0 1 .5-.5h2V0H2Zm2 10.5H2a.5.5 0 0 1-.5-.5V8H0v2a2 2 0 0 0 2 2h2v-1.5ZM8 12v-1.5h2a.5.5 0 0 0 .5-.5V8H12v2a2 2 0 0 1-2 2H8Zm2-12a2 2 0 0 1 2 2v2h-1.5V2a.5.5 0 0 0-.5-.5H8V0h2Z\" \/>\n\t\t\t<\/svg>\n\t\t<\/button><\/figure>\n\n\n\n<p class=\"has-text-align-center\">Fuji X-E3 | f\/7,1 | 1\/3s | ISO 400<\/p>\n\n\n\n<h3 class=\"wp-block-heading\">&nbsp;<\/h3>\n\n\n\n<h3 class=\"wp-block-heading has-text-align-center\">Das Thema des n\u00e4chsten Kursabends lautet &#8222;Belichtungsprogramme&#8220;<\/h3>\n\n\n\n<p class=\"has-text-align-center\" style=\"font-size:18px\">Wie stark sich die Bildwirkung innerhalb einer halben Stunde ver\u00e4ndern kann, zeigen diese<br>Fotos vom neuem Stadtschloss in Berlin!<br><\/p>\n\n\n\n<p class=\"has-text-align-center\" style=\"font-size:18px\">Ein leichtes Traveller-Stativ sorgt bei allen drei Aufnahmen f\u00fcr unverwackelte Aufnahmen,<br>ohne dass die ISO-Zahl \u00fcber den (f\u00fcr mich) kritischen Wert von 800 gehen musste.<br>Den Rest erledigt zuverl\u00e4ssig die Zeitautomatik und nat\u00fcrlich auch etwas Bildbearbeitung!<\/p>\n\n\n\n<p class=\"has-text-align-center\">&nbsp;<\/p>\n\n\n\n<figure data-wp-context=\"{&quot;imageId&quot;:&quot;69f4c41e3fc36&quot;}\" data-wp-interactive=\"core\/image\" data-wp-key=\"69f4c41e3fc36\" class=\"wp-block-image alignwide size-large wp-lightbox-container\"><img loading=\"lazy\" decoding=\"async\" width=\"1024\" height=\"683\" data-wp-class--hide=\"state.isContentHidden\" data-wp-class--show=\"state.isContentVisible\" data-wp-init=\"callbacks.setButtonStyles\" data-wp-on--click=\"actions.showLightbox\" data-wp-on--load=\"callbacks.setButtonStyles\" data-wp-on-window--resize=\"callbacks.setButtonStyles\" src=\"https:\/\/www.kils.de\/fotokurse\/wp-content\/uploads\/2024\/01\/BER21_3177-RAF_DxO-1024x683.webp\" alt=\"\" class=\"wp-image-3607\" srcset=\"https:\/\/www.kils.de\/fotokurse\/wp-content\/uploads\/2024\/01\/BER21_3177-RAF_DxO-1024x683.webp 1024w, https:\/\/www.kils.de\/fotokurse\/wp-content\/uploads\/2024\/01\/BER21_3177-RAF_DxO-300x200.webp 300w, https:\/\/www.kils.de\/fotokurse\/wp-content\/uploads\/2024\/01\/BER21_3177-RAF_DxO-768x512.webp 768w, https:\/\/www.kils.de\/fotokurse\/wp-content\/uploads\/2024\/01\/BER21_3177-RAF_DxO-1536x1024.webp 1536w, https:\/\/www.kils.de\/fotokurse\/wp-content\/uploads\/2024\/01\/BER21_3177-RAF_DxO-2048x1366.webp 2048w\" sizes=\"auto, (max-width: 1024px) 100vw, 1024px\" \/><button\n\t\t\tclass=\"lightbox-trigger\"\n\t\t\ttype=\"button\"\n\t\t\taria-haspopup=\"dialog\"\n\t\t\taria-label=\"Vergr\u00f6\u00dfern\"\n\t\t\tdata-wp-init=\"callbacks.initTriggerButton\"\n\t\t\tdata-wp-on--click=\"actions.showLightbox\"\n\t\t\tdata-wp-style--right=\"state.imageButtonRight\"\n\t\t\tdata-wp-style--top=\"state.imageButtonTop\"\n\t\t>\n\t\t\t<svg xmlns=\"http:\/\/www.w3.org\/2000\/svg\" width=\"12\" height=\"12\" fill=\"none\" viewBox=\"0 0 12 12\">\n\t\t\t\t<path fill=\"#fff\" d=\"M2 0a2 2 0 0 0-2 2v2h1.5V2a.5.5 0 0 1 .5-.5h2V0H2Zm2 10.5H2a.5.5 0 0 1-.5-.5V8H0v2a2 2 0 0 0 2 2h2v-1.5ZM8 12v-1.5h2a.5.5 0 0 0 .5-.5V8H12v2a2 2 0 0 1-2 2H8Zm2-12a2 2 0 0 1 2 2v2h-1.5V2a.5.5 0 0 0-.5-.5H8V0h2Z\" \/>\n\t\t\t<\/svg>\n\t\t<\/button><\/figure>\n\n\n\n<p class=\"has-text-align-center\">Fuji X-E3 | f\/7.1 | 1\/10s | ISO 800<\/p>\n\n\n\n<div style=\"height:20px\" aria-hidden=\"true\" class=\"wp-block-spacer\"><\/div>\n\n\n\n<hr class=\"wp-block-separator has-text-color has-cyan-bluish-gray-color has-alpha-channel-opacity has-cyan-bluish-gray-background-color has-background\"\/>\n\n\n\n<div style=\"height:20px\" aria-hidden=\"true\" class=\"wp-block-spacer\"><\/div>\n\n\n\n<figure data-wp-context=\"{&quot;imageId&quot;:&quot;69f4c41e4046e&quot;}\" data-wp-interactive=\"core\/image\" data-wp-key=\"69f4c41e4046e\" class=\"wp-block-image alignwide size-large wp-lightbox-container\"><img loading=\"lazy\" decoding=\"async\" width=\"1024\" height=\"683\" data-wp-class--hide=\"state.isContentHidden\" data-wp-class--show=\"state.isContentVisible\" data-wp-init=\"callbacks.setButtonStyles\" data-wp-on--click=\"actions.showLightbox\" data-wp-on--load=\"callbacks.setButtonStyles\" data-wp-on-window--resize=\"callbacks.setButtonStyles\" src=\"https:\/\/www.kils.de\/fotokurse\/wp-content\/uploads\/2024\/01\/BER21_3246-Verbessert-RR_03-1024x683.webp\" alt=\"\" class=\"wp-image-3608\" srcset=\"https:\/\/www.kils.de\/fotokurse\/wp-content\/uploads\/2024\/01\/BER21_3246-Verbessert-RR_03-1024x683.webp 1024w, https:\/\/www.kils.de\/fotokurse\/wp-content\/uploads\/2024\/01\/BER21_3246-Verbessert-RR_03-300x200.webp 300w, https:\/\/www.kils.de\/fotokurse\/wp-content\/uploads\/2024\/01\/BER21_3246-Verbessert-RR_03-768x512.webp 768w, https:\/\/www.kils.de\/fotokurse\/wp-content\/uploads\/2024\/01\/BER21_3246-Verbessert-RR_03-1536x1024.webp 1536w, https:\/\/www.kils.de\/fotokurse\/wp-content\/uploads\/2024\/01\/BER21_3246-Verbessert-RR_03-2048x1366.webp 2048w\" sizes=\"auto, (max-width: 1024px) 100vw, 1024px\" \/><button\n\t\t\tclass=\"lightbox-trigger\"\n\t\t\ttype=\"button\"\n\t\t\taria-haspopup=\"dialog\"\n\t\t\taria-label=\"Vergr\u00f6\u00dfern\"\n\t\t\tdata-wp-init=\"callbacks.initTriggerButton\"\n\t\t\tdata-wp-on--click=\"actions.showLightbox\"\n\t\t\tdata-wp-style--right=\"state.imageButtonRight\"\n\t\t\tdata-wp-style--top=\"state.imageButtonTop\"\n\t\t>\n\t\t\t<svg xmlns=\"http:\/\/www.w3.org\/2000\/svg\" width=\"12\" height=\"12\" fill=\"none\" viewBox=\"0 0 12 12\">\n\t\t\t\t<path fill=\"#fff\" d=\"M2 0a2 2 0 0 0-2 2v2h1.5V2a.5.5 0 0 1 .5-.5h2V0H2Zm2 10.5H2a.5.5 0 0 1-.5-.5V8H0v2a2 2 0 0 0 2 2h2v-1.5ZM8 12v-1.5h2a.5.5 0 0 0 .5-.5V8H12v2a2 2 0 0 1-2 2H8Zm2-12a2 2 0 0 1 2 2v2h-1.5V2a.5.5 0 0 0-.5-.5H8V0h2Z\" \/>\n\t\t\t<\/svg>\n\t\t<\/button><\/figure>\n\n\n\n<p class=\"has-text-align-center\">Fuji X-E3 | f\/7.1 | 3 Sek. | ISO 200<\/p>\n\n\n\n<hr class=\"wp-block-separator has-text-color has-cyan-bluish-gray-color has-alpha-channel-opacity has-cyan-bluish-gray-background-color has-background is-style-wide\"\/>\n\n\n\n<p class=\"has-text-align-center\" style=\"font-size:18px\">Am kommenden Dienstag geht es also um die Belichtungsautomatiken und deren richtigen Einsatz!<\/p>\n\n\n\n\n\n<div style=\"height:20px\" aria-hidden=\"true\" class=\"wp-block-spacer\"><\/div>\n\n\n\n<hr class=\"wp-block-separator aligncenter has-text-color has-cyan-bluish-gray-color has-alpha-channel-opacity has-cyan-bluish-gray-background-color has-background is-style-wide\"\/>\n\n\n\n<div class=\"wp-block-columns has-cyan-bluish-gray-color has-text-color has-link-color wp-elements-6e086acffd98fc724b590a15825a625a is-layout-flex wp-container-core-columns-is-layout-9d6595d7 wp-block-columns-is-layout-flex\">\n<div class=\"wp-block-column is-layout-flow wp-block-column-is-layout-flow\"><\/div>\n\n\n\n<div class=\"wp-block-column is-layout-flow wp-block-column-is-layout-flow\"><\/div>\n<\/div>\n","protected":false},"excerpt":{"rendered":"<p>Belichtungsprogramme Fuji X-E3 | f\/7,1 | 1\/3s | ISO 400 &nbsp; Das Thema des n\u00e4chsten Kursabends lautet &#8222;Belichtungsprogramme&#8220; Wie stark sich die Bildwirkung innerhalb einer halben Stunde ver\u00e4ndern kann, zeigen &#8230;<\/p>\n","protected":false},"author":1,"featured_media":3610,"comment_status":"open","ping_status":"open","sticky":false,"template":"","format":"standard","meta":{"slim_seo":{"title":"2. Kursabend - Fotografie &amp; Bildbestaltung","description":"Belichtungsprogramme Fuji X-E3 | f\/7,1 | 1\/3s | ISO 400 &nbsp; Das Thema des n\u00e4chsten Kursabends lautet \"Belichtungsprogramme\" Wie stark sich die Bildwirkung in"},"footnotes":""},"categories":[52,40],"tags":[53],"class_list":["post-3606","post","type-post","status-publish","format-standard","has-post-thumbnail","hentry","category-belichtungsprogramme","category-fotokurs","tag-belichtungsprogramme"],"_links":{"self":[{"href":"https:\/\/www.kils.de\/fotokurse\/wp-json\/wp\/v2\/posts\/3606","targetHints":{"allow":["GET"]}}],"collection":[{"href":"https:\/\/www.kils.de\/fotokurse\/wp-json\/wp\/v2\/posts"}],"about":[{"href":"https:\/\/www.kils.de\/fotokurse\/wp-json\/wp\/v2\/types\/post"}],"author":[{"embeddable":true,"href":"https:\/\/www.kils.de\/fotokurse\/wp-json\/wp\/v2\/users\/1"}],"replies":[{"embeddable":true,"href":"https:\/\/www.kils.de\/fotokurse\/wp-json\/wp\/v2\/comments?post=3606"}],"version-history":[{"count":0,"href":"https:\/\/www.kils.de\/fotokurse\/wp-json\/wp\/v2\/posts\/3606\/revisions"}],"wp:featuredmedia":[{"embeddable":true,"href":"https:\/\/www.kils.de\/fotokurse\/wp-json\/wp\/v2\/media\/3610"}],"wp:attachment":[{"href":"https:\/\/www.kils.de\/fotokurse\/wp-json\/wp\/v2\/media?parent=3606"}],"wp:term":[{"taxonomy":"category","embeddable":true,"href":"https:\/\/www.kils.de\/fotokurse\/wp-json\/wp\/v2\/categories?post=3606"},{"taxonomy":"post_tag","embeddable":true,"href":"https:\/\/www.kils.de\/fotokurse\/wp-json\/wp\/v2\/tags?post=3606"}],"curies":[{"name":"wp","href":"https:\/\/api.w.org\/{rel}","templated":true}]}}