{"id":4760,"date":"2024-06-27T16:39:33","date_gmt":"2024-06-27T14:39:33","guid":{"rendered":"https:\/\/www.kils.de\/fotokurse\/?p=4760"},"modified":"2024-12-11T12:57:19","modified_gmt":"2024-12-11T11:57:19","slug":"post_193","status":"publish","type":"post","link":"https:\/\/www.kils.de\/fotokurse\/2024\/06\/27\/post_193\/","title":{"rendered":"Die Contest-Gewinner!"},"content":{"rendered":"\n<div style=\"height:26px\" aria-hidden=\"true\" class=\"wp-block-spacer\"><\/div>\n\n\n\n<p class=\"has-text-align-center\" style=\"font-size:20px\">1. Platz \u2b50\u2b50\u2b50 &#8222;Schau mir in die Augen, Kleines!&#8220;<\/p>\n\n\n\n<p class=\"has-text-align-center\" style=\"font-size:18px\">Cathrin Stegemann-Wibbelt<\/p>\n\n\n\n<figure data-wp-context=\"{&quot;imageId&quot;:&quot;69f4b42f9d769&quot;}\" data-wp-interactive=\"core\/image\" data-wp-key=\"69f4b42f9d769\" class=\"wp-block-image alignwide size-large wp-lightbox-container\"><img loading=\"lazy\" decoding=\"async\" width=\"1024\" height=\"576\" data-wp-class--hide=\"state.isContentHidden\" data-wp-class--show=\"state.isContentVisible\" data-wp-init=\"callbacks.setButtonStyles\" data-wp-on--click=\"actions.showLightbox\" data-wp-on--load=\"callbacks.setButtonStyles\" data-wp-on-window--resize=\"callbacks.setButtonStyles\" src=\"https:\/\/www.kils.de\/fotokurse\/wp-content\/uploads\/2024\/06\/DSC08693-2-1024x576.jpg\" alt=\"\" class=\"wp-image-4762\" srcset=\"https:\/\/www.kils.de\/fotokurse\/wp-content\/uploads\/2024\/06\/DSC08693-2-1024x576.jpg 1024w, https:\/\/www.kils.de\/fotokurse\/wp-content\/uploads\/2024\/06\/DSC08693-2-300x169.jpg 300w, https:\/\/www.kils.de\/fotokurse\/wp-content\/uploads\/2024\/06\/DSC08693-2-768x432.jpg 768w, https:\/\/www.kils.de\/fotokurse\/wp-content\/uploads\/2024\/06\/DSC08693-2-1536x864.jpg 1536w, https:\/\/www.kils.de\/fotokurse\/wp-content\/uploads\/2024\/06\/DSC08693-2-2048x1152.jpg 2048w\" sizes=\"auto, (max-width: 1024px) 100vw, 1024px\" \/><button\n\t\t\tclass=\"lightbox-trigger\"\n\t\t\ttype=\"button\"\n\t\t\taria-haspopup=\"dialog\"\n\t\t\taria-label=\"Vergr\u00f6\u00dfern\"\n\t\t\tdata-wp-init=\"callbacks.initTriggerButton\"\n\t\t\tdata-wp-on--click=\"actions.showLightbox\"\n\t\t\tdata-wp-style--right=\"state.imageButtonRight\"\n\t\t\tdata-wp-style--top=\"state.imageButtonTop\"\n\t\t>\n\t\t\t<svg xmlns=\"http:\/\/www.w3.org\/2000\/svg\" width=\"12\" height=\"12\" fill=\"none\" viewBox=\"0 0 12 12\">\n\t\t\t\t<path fill=\"#fff\" d=\"M2 0a2 2 0 0 0-2 2v2h1.5V2a.5.5 0 0 1 .5-.5h2V0H2Zm2 10.5H2a.5.5 0 0 1-.5-.5V8H0v2a2 2 0 0 0 2 2h2v-1.5ZM8 12v-1.5h2a.5.5 0 0 0 .5-.5V8H12v2a2 2 0 0 1-2 2H8Zm2-12a2 2 0 0 1 2 2v2h-1.5V2a.5.5 0 0 0-.5-.5H8V0h2Z\" \/>\n\t\t\t<\/svg>\n\t\t<\/button><\/figure>\n\n\n\n<p class=\"has-text-align-center\" style=\"font-size:15px\">Sony Alpha 6000 | 1\/750s bei f \/ 4,5 und ISO 400 | Brennweite 55mm <\/p>\n\n\n\n<hr class=\"wp-block-separator has-text-color has-cyan-bluish-gray-color has-alpha-channel-opacity has-cyan-bluish-gray-background-color has-background is-style-wide\"\/>\n\n\n\n<p><\/p>\n\n\n\n<p class=\"has-text-align-center\" style=\"font-size:20px\">2. Platz \u2b50\u2b50 &#8222;Der Denker&#8220;<\/p>\n\n\n\n<p class=\"has-text-align-center\" style=\"font-size:18px\">Alexa Vetter<\/p>\n\n\n\n<figure data-wp-context=\"{&quot;imageId&quot;:&quot;69f4b42f9e3d2&quot;}\" data-wp-interactive=\"core\/image\" data-wp-key=\"69f4b42f9e3d2\" class=\"wp-block-image alignwide size-large wp-lightbox-container\"><img loading=\"lazy\" decoding=\"async\" width=\"1024\" height=\"753\" data-wp-class--hide=\"state.isContentHidden\" data-wp-class--show=\"state.isContentVisible\" data-wp-init=\"callbacks.setButtonStyles\" data-wp-on--click=\"actions.showLightbox\" data-wp-on--load=\"callbacks.setButtonStyles\" data-wp-on-window--resize=\"callbacks.setButtonStyles\" src=\"https:\/\/www.kils.de\/fotokurse\/wp-content\/uploads\/2024\/06\/P1050199_01-1-1024x753.jpg\" alt=\"\" class=\"wp-image-4740\" srcset=\"https:\/\/www.kils.de\/fotokurse\/wp-content\/uploads\/2024\/06\/P1050199_01-1-1024x753.jpg 1024w, https:\/\/www.kils.de\/fotokurse\/wp-content\/uploads\/2024\/06\/P1050199_01-1-300x221.jpg 300w, https:\/\/www.kils.de\/fotokurse\/wp-content\/uploads\/2024\/06\/P1050199_01-1-768x565.jpg 768w, https:\/\/www.kils.de\/fotokurse\/wp-content\/uploads\/2024\/06\/P1050199_01-1-1536x1129.jpg 1536w, https:\/\/www.kils.de\/fotokurse\/wp-content\/uploads\/2024\/06\/P1050199_01-1-2048x1506.jpg 2048w\" sizes=\"auto, (max-width: 1024px) 100vw, 1024px\" \/><button\n\t\t\tclass=\"lightbox-trigger\"\n\t\t\ttype=\"button\"\n\t\t\taria-haspopup=\"dialog\"\n\t\t\taria-label=\"Vergr\u00f6\u00dfern\"\n\t\t\tdata-wp-init=\"callbacks.initTriggerButton\"\n\t\t\tdata-wp-on--click=\"actions.showLightbox\"\n\t\t\tdata-wp-style--right=\"state.imageButtonRight\"\n\t\t\tdata-wp-style--top=\"state.imageButtonTop\"\n\t\t>\n\t\t\t<svg xmlns=\"http:\/\/www.w3.org\/2000\/svg\" width=\"12\" height=\"12\" fill=\"none\" viewBox=\"0 0 12 12\">\n\t\t\t\t<path fill=\"#fff\" d=\"M2 0a2 2 0 0 0-2 2v2h1.5V2a.5.5 0 0 1 .5-.5h2V0H2Zm2 10.5H2a.5.5 0 0 1-.5-.5V8H0v2a2 2 0 0 0 2 2h2v-1.5ZM8 12v-1.5h2a.5.5 0 0 0 .5-.5V8H12v2a2 2 0 0 1-2 2H8Zm2-12a2 2 0 0 1 2 2v2h-1.5V2a.5.5 0 0 0-.5-.5H8V0h2Z\" \/>\n\t\t\t<\/svg>\n\t\t<\/button><\/figure>\n\n\n\n<p class=\"has-text-align-center\" style=\"font-size:15px\">Panasonic GX80 | 1\/400s bei f \/ 5,6 und ISO 1600 | Brennweite 158mm <\/p>\n\n\n\n<hr class=\"wp-block-separator has-text-color has-cyan-bluish-gray-color has-alpha-channel-opacity has-cyan-bluish-gray-background-color has-background is-style-wide\"\/>\n\n\n\n<p class=\"has-text-align-center\" style=\"font-size:20px\">3. Platz \u2b50 &#8222;Textor-Weber Weibchen&#8220;<\/p>\n\n\n\n<p class=\"has-text-align-center\" style=\"font-size:18px\">Maxim Sentse<\/p>\n\n\n\n<figure data-wp-context=\"{&quot;imageId&quot;:&quot;69f4b42f9ed02&quot;}\" data-wp-interactive=\"core\/image\" data-wp-key=\"69f4b42f9ed02\" class=\"wp-block-image alignwide size-large wp-lightbox-container\"><img loading=\"lazy\" decoding=\"async\" width=\"1024\" height=\"683\" data-wp-class--hide=\"state.isContentHidden\" data-wp-class--show=\"state.isContentVisible\" data-wp-init=\"callbacks.setButtonStyles\" data-wp-on--click=\"actions.showLightbox\" data-wp-on--load=\"callbacks.setButtonStyles\" data-wp-on-window--resize=\"callbacks.setButtonStyles\" src=\"https:\/\/www.kils.de\/fotokurse\/wp-content\/uploads\/2024\/06\/MSE_3360_Radiant-Photo-1-1024x683.jpg\" alt=\"\" class=\"wp-image-4775\" srcset=\"https:\/\/www.kils.de\/fotokurse\/wp-content\/uploads\/2024\/06\/MSE_3360_Radiant-Photo-1-1024x683.jpg 1024w, https:\/\/www.kils.de\/fotokurse\/wp-content\/uploads\/2024\/06\/MSE_3360_Radiant-Photo-1-300x200.jpg 300w, https:\/\/www.kils.de\/fotokurse\/wp-content\/uploads\/2024\/06\/MSE_3360_Radiant-Photo-1-768x512.jpg 768w, https:\/\/www.kils.de\/fotokurse\/wp-content\/uploads\/2024\/06\/MSE_3360_Radiant-Photo-1-1536x1024.jpg 1536w, https:\/\/www.kils.de\/fotokurse\/wp-content\/uploads\/2024\/06\/MSE_3360_Radiant-Photo-1-2048x1366.jpg 2048w\" sizes=\"auto, (max-width: 1024px) 100vw, 1024px\" \/><button\n\t\t\tclass=\"lightbox-trigger\"\n\t\t\ttype=\"button\"\n\t\t\taria-haspopup=\"dialog\"\n\t\t\taria-label=\"Vergr\u00f6\u00dfern\"\n\t\t\tdata-wp-init=\"callbacks.initTriggerButton\"\n\t\t\tdata-wp-on--click=\"actions.showLightbox\"\n\t\t\tdata-wp-style--right=\"state.imageButtonRight\"\n\t\t\tdata-wp-style--top=\"state.imageButtonTop\"\n\t\t>\n\t\t\t<svg xmlns=\"http:\/\/www.w3.org\/2000\/svg\" width=\"12\" height=\"12\" fill=\"none\" viewBox=\"0 0 12 12\">\n\t\t\t\t<path fill=\"#fff\" d=\"M2 0a2 2 0 0 0-2 2v2h1.5V2a.5.5 0 0 1 .5-.5h2V0H2Zm2 10.5H2a.5.5 0 0 1-.5-.5V8H0v2a2 2 0 0 0 2 2h2v-1.5ZM8 12v-1.5h2a.5.5 0 0 0 .5-.5V8H12v2a2 2 0 0 1-2 2H8Zm2-12a2 2 0 0 1 2 2v2h-1.5V2a.5.5 0 0 0-.5-.5H8V0h2Z\" \/>\n\t\t\t<\/svg>\n\t\t<\/button><\/figure>\n\n\n\n<p class=\"has-text-align-center\" style=\"font-size:15px\">Nikon Z fc | 1\/250s bei f \/ 6,3 und ISO 200 | Brennweite 250mm <\/p>\n\n\n\n<hr class=\"wp-block-separator has-text-color has-cyan-bluish-gray-color has-alpha-channel-opacity has-cyan-bluish-gray-background-color has-background is-style-wide\"\/>\n\n\n\n<p><\/p>\n\n\n\n<p class=\"has-text-align-center\" style=\"font-size:20px\">3. Platz \u2b50 &#8222;Gl\u00fcckliche Henne&#8220;<\/p>\n\n\n\n<p class=\"has-text-align-center\" style=\"font-size:18px\">Cathrin Stegemann-Wibbelt<\/p>\n\n\n\n<figure data-wp-context=\"{&quot;imageId&quot;:&quot;69f4b42f9f708&quot;}\" data-wp-interactive=\"core\/image\" data-wp-key=\"69f4b42f9f708\" class=\"wp-block-image alignwide size-large wp-lightbox-container\"><img loading=\"lazy\" decoding=\"async\" width=\"1024\" height=\"682\" data-wp-class--hide=\"state.isContentHidden\" data-wp-class--show=\"state.isContentVisible\" data-wp-init=\"callbacks.setButtonStyles\" data-wp-on--click=\"actions.showLightbox\" data-wp-on--load=\"callbacks.setButtonStyles\" data-wp-on-window--resize=\"callbacks.setButtonStyles\" src=\"https:\/\/www.kils.de\/fotokurse\/wp-content\/uploads\/2024\/06\/DSC08736-1-1024x682.jpg\" alt=\"\" class=\"wp-image-4756\" srcset=\"https:\/\/www.kils.de\/fotokurse\/wp-content\/uploads\/2024\/06\/DSC08736-1-1024x682.jpg 1024w, https:\/\/www.kils.de\/fotokurse\/wp-content\/uploads\/2024\/06\/DSC08736-1-300x200.jpg 300w, https:\/\/www.kils.de\/fotokurse\/wp-content\/uploads\/2024\/06\/DSC08736-1-768x512.jpg 768w, https:\/\/www.kils.de\/fotokurse\/wp-content\/uploads\/2024\/06\/DSC08736-1-1536x1024.jpg 1536w, https:\/\/www.kils.de\/fotokurse\/wp-content\/uploads\/2024\/06\/DSC08736-1-2048x1365.jpg 2048w\" sizes=\"auto, (max-width: 1024px) 100vw, 1024px\" \/><button\n\t\t\tclass=\"lightbox-trigger\"\n\t\t\ttype=\"button\"\n\t\t\taria-haspopup=\"dialog\"\n\t\t\taria-label=\"Vergr\u00f6\u00dfern\"\n\t\t\tdata-wp-init=\"callbacks.initTriggerButton\"\n\t\t\tdata-wp-on--click=\"actions.showLightbox\"\n\t\t\tdata-wp-style--right=\"state.imageButtonRight\"\n\t\t\tdata-wp-style--top=\"state.imageButtonTop\"\n\t\t>\n\t\t\t<svg xmlns=\"http:\/\/www.w3.org\/2000\/svg\" width=\"12\" height=\"12\" fill=\"none\" viewBox=\"0 0 12 12\">\n\t\t\t\t<path fill=\"#fff\" d=\"M2 0a2 2 0 0 0-2 2v2h1.5V2a.5.5 0 0 1 .5-.5h2V0H2Zm2 10.5H2a.5.5 0 0 1-.5-.5V8H0v2a2 2 0 0 0 2 2h2v-1.5ZM8 12v-1.5h2a.5.5 0 0 0 .5-.5V8H12v2a2 2 0 0 1-2 2H8Zm2-12a2 2 0 0 1 2 2v2h-1.5V2a.5.5 0 0 0-.5-.5H8V0h2Z\" \/>\n\t\t\t<\/svg>\n\t\t<\/button><\/figure>\n\n\n\n<p class=\"has-text-align-center\" style=\"font-size:15px\">Sony Alpha 6000 | 1\/500s bei f \/ 8,0 und ISO 800 | Brennweite 176mm <\/p>\n\n\n\n<hr class=\"wp-block-separator has-text-color has-cyan-bluish-gray-color has-alpha-channel-opacity has-cyan-bluish-gray-background-color has-background is-style-wide\"\/>\n\n\n\n<p><\/p>\n\n\n\n<p class=\"has-text-align-center\" style=\"font-size:20px\">3. Platz \u2b50 &#8222;AI or not AI&#8230;&#8220;<\/p>\n\n\n\n<p class=\"has-text-align-center\" style=\"font-size:18px\">J\u00f6rg Lefert<\/p>\n\n\n\n<figure data-wp-context=\"{&quot;imageId&quot;:&quot;69f4b42fa008e&quot;}\" data-wp-interactive=\"core\/image\" data-wp-key=\"69f4b42fa008e\" class=\"wp-block-image alignwide size-large wp-lightbox-container\"><img loading=\"lazy\" decoding=\"async\" width=\"683\" height=\"1024\" data-wp-class--hide=\"state.isContentHidden\" data-wp-class--show=\"state.isContentVisible\" data-wp-init=\"callbacks.setButtonStyles\" data-wp-on--click=\"actions.showLightbox\" data-wp-on--load=\"callbacks.setButtonStyles\" data-wp-on-window--resize=\"callbacks.setButtonStyles\" src=\"https:\/\/www.kils.de\/fotokurse\/wp-content\/uploads\/2024\/06\/VHS240601_02011-2-683x1024.jpg\" alt=\"\" class=\"wp-image-4650\" srcset=\"https:\/\/www.kils.de\/fotokurse\/wp-content\/uploads\/2024\/06\/VHS240601_02011-2-683x1024.jpg 683w, https:\/\/www.kils.de\/fotokurse\/wp-content\/uploads\/2024\/06\/VHS240601_02011-2-200x300.jpg 200w, https:\/\/www.kils.de\/fotokurse\/wp-content\/uploads\/2024\/06\/VHS240601_02011-2-768x1152.jpg 768w, https:\/\/www.kils.de\/fotokurse\/wp-content\/uploads\/2024\/06\/VHS240601_02011-2-1024x1536.jpg 1024w, https:\/\/www.kils.de\/fotokurse\/wp-content\/uploads\/2024\/06\/VHS240601_02011-2-1366x2048.jpg 1366w, https:\/\/www.kils.de\/fotokurse\/wp-content\/uploads\/2024\/06\/VHS240601_02011-2.jpg 1707w\" sizes=\"auto, (max-width: 683px) 100vw, 683px\" \/><button\n\t\t\tclass=\"lightbox-trigger\"\n\t\t\ttype=\"button\"\n\t\t\taria-haspopup=\"dialog\"\n\t\t\taria-label=\"Vergr\u00f6\u00dfern\"\n\t\t\tdata-wp-init=\"callbacks.initTriggerButton\"\n\t\t\tdata-wp-on--click=\"actions.showLightbox\"\n\t\t\tdata-wp-style--right=\"state.imageButtonRight\"\n\t\t\tdata-wp-style--top=\"state.imageButtonTop\"\n\t\t>\n\t\t\t<svg xmlns=\"http:\/\/www.w3.org\/2000\/svg\" width=\"12\" height=\"12\" fill=\"none\" viewBox=\"0 0 12 12\">\n\t\t\t\t<path fill=\"#fff\" d=\"M2 0a2 2 0 0 0-2 2v2h1.5V2a.5.5 0 0 1 .5-.5h2V0H2Zm2 10.5H2a.5.5 0 0 1-.5-.5V8H0v2a2 2 0 0 0 2 2h2v-1.5ZM8 12v-1.5h2a.5.5 0 0 0 .5-.5V8H12v2a2 2 0 0 1-2 2H8Zm2-12a2 2 0 0 1 2 2v2h-1.5V2a.5.5 0 0 0-.5-.5H8V0h2Z\" \/>\n\t\t\t<\/svg>\n\t\t<\/button><\/figure>\n\n\n\n<p class=\"has-text-align-center\" style=\"font-size:15px\">Sony RX10 M4 | 1\/250s bei f \/ 6,3 und ISO 2500 | Brennweite 220mm <\/p>\n\n\n\n<hr class=\"wp-block-separator has-text-color has-cyan-bluish-gray-color has-alpha-channel-opacity has-cyan-bluish-gray-background-color has-background is-style-wide\"\/>\n\n\n\n<p class=\"has-text-align-center\" style=\"font-size:18px\">Herzlichen Gl\u00fcckwunsch den glorreichen Gewinnern der Kurs-Challenge! \u2b50\u2b50\u2b50<\/p>\n\n\n\n<p class=\"has-text-align-center\" style=\"font-size:18px\">Nachdem das Thema der Challenge verk\u00fcndet wurde, herrschte zun\u00e4chst etwas Ratlosigkeit.<br>Woher soll ich jetzt ein Tier nehmen und vor allem, braucht man daf\u00fcr nicht so ein richtig professionelles Teleobjektiv?<br>Aber die wirklich ansehnlichen Ergebnisse der Challenge zeigen, dass f\u00fcr spannende Fotos keine<br>absolute Profiausr\u00fcstung notwendig ist!<br><br>Wie sagte schon Henri Cartier-Bresson:<br>\u201c<em>Es ist eine Illusion, dass Fotos mit der Kamera gemacht werden\u2026 sie werden mit dem Auge, dem Herz und dem Kopf gemacht.<\/em>\u201c<\/p>\n\n\n\n<p><\/p>\n\n\n\n<hr class=\"wp-block-separator has-text-color has-cyan-bluish-gray-color has-alpha-channel-opacity has-cyan-bluish-gray-background-color has-background\"\/>\n\n\n\n<div style=\"height:29px\" aria-hidden=\"true\" class=\"wp-block-spacer\"><\/div>\n\n\n\n<div class=\"wp-block-columns is-layout-flex wp-container-core-columns-is-layout-9d6595d7 wp-block-columns-is-layout-flex\">\n<div class=\"wp-block-column is-layout-flow wp-block-column-is-layout-flow\"><\/div>\n\n\n\n<div class=\"wp-block-column is-layout-flow wp-block-column-is-layout-flow\"><\/div>\n<\/div>\n","protected":false},"excerpt":{"rendered":"<p>1. Platz \u2b50\u2b50\u2b50 &#8222;Schau mir in die Augen, Kleines!&#8220; Cathrin Stegemann-Wibbelt Sony Alpha 6000 | 1\/750s bei f \/ 4,5 und ISO 400 | Brennweite 55mm 2. Platz \u2b50\u2b50 &#8222;Der &#8230;<\/p>\n","protected":false},"author":1,"featured_media":4762,"comment_status":"open","ping_status":"closed","sticky":false,"template":"","format":"standard","meta":{"slim_seo":{"title":"Die Contest-Gewinner! - Fotografie &amp; Bildbestaltung","description":"1. Platz \u2b50\u2b50\u2b50 \"Schau mir in die Augen, Kleines!\" Cathrin Stegemann-Wibbelt Sony Alpha 6000 | 1\/750s bei f \/ 4,5 und ISO 400 | Brennweite 55mm 2. Platz \u2b50\u2b50 \"Der De"},"footnotes":""},"categories":[68],"tags":[67],"class_list":["post-4760","post","type-post","status-publish","format-standard","has-post-thumbnail","hentry","category-foto-challenge","tag-foto-contest"],"_links":{"self":[{"href":"https:\/\/www.kils.de\/fotokurse\/wp-json\/wp\/v2\/posts\/4760","targetHints":{"allow":["GET"]}}],"collection":[{"href":"https:\/\/www.kils.de\/fotokurse\/wp-json\/wp\/v2\/posts"}],"about":[{"href":"https:\/\/www.kils.de\/fotokurse\/wp-json\/wp\/v2\/types\/post"}],"author":[{"embeddable":true,"href":"https:\/\/www.kils.de\/fotokurse\/wp-json\/wp\/v2\/users\/1"}],"replies":[{"embeddable":true,"href":"https:\/\/www.kils.de\/fotokurse\/wp-json\/wp\/v2\/comments?post=4760"}],"version-history":[{"count":0,"href":"https:\/\/www.kils.de\/fotokurse\/wp-json\/wp\/v2\/posts\/4760\/revisions"}],"wp:featuredmedia":[{"embeddable":true,"href":"https:\/\/www.kils.de\/fotokurse\/wp-json\/wp\/v2\/media\/4762"}],"wp:attachment":[{"href":"https:\/\/www.kils.de\/fotokurse\/wp-json\/wp\/v2\/media?parent=4760"}],"wp:term":[{"taxonomy":"category","embeddable":true,"href":"https:\/\/www.kils.de\/fotokurse\/wp-json\/wp\/v2\/categories?post=4760"},{"taxonomy":"post_tag","embeddable":true,"href":"https:\/\/www.kils.de\/fotokurse\/wp-json\/wp\/v2\/tags?post=4760"}],"curies":[{"name":"wp","href":"https:\/\/api.w.org\/{rel}","templated":true}]}}