{"id":5183,"date":"2019-11-19T11:35:44","date_gmt":"2019-11-19T10:35:44","guid":{"rendered":"https:\/\/www.kils.de\/fotokurse\/?p=5183"},"modified":"2024-12-11T14:27:02","modified_gmt":"2024-12-11T13:27:02","slug":"post_109","status":"publish","type":"post","link":"https:\/\/www.kils.de\/fotokurse\/2019\/11\/19\/post_109\/","title":{"rendered":"4. Kursabend"},"content":{"rendered":"\n<p class=\"has-text-align-left\" style=\"font-size:16px\">Objektive<\/p>\n\n\n\n<figure data-wp-context=\"{&quot;imageId&quot;:&quot;69edcb9fcbce7&quot;}\" data-wp-interactive=\"core\/image\" data-wp-key=\"69edcb9fcbce7\" class=\"wp-block-image alignwide size-large wp-lightbox-container\"><img loading=\"lazy\" decoding=\"async\" width=\"1024\" height=\"683\" data-wp-class--hide=\"state.isContentHidden\" data-wp-class--show=\"state.isContentVisible\" data-wp-init=\"callbacks.setButtonStyles\" data-wp-on--click=\"actions.showLightbox\" data-wp-on--load=\"callbacks.setButtonStyles\" data-wp-on-window--resize=\"callbacks.setButtonStyles\" src=\"https:\/\/www.kils.de\/fotokurse\/wp-content\/uploads\/2019\/11\/BK190409_9811-Luminar4edit-2-1024x683.jpg\" alt=\"\" class=\"wp-image-5185\" srcset=\"https:\/\/www.kils.de\/fotokurse\/wp-content\/uploads\/2019\/11\/BK190409_9811-Luminar4edit-2-1024x683.jpg 1024w, https:\/\/www.kils.de\/fotokurse\/wp-content\/uploads\/2019\/11\/BK190409_9811-Luminar4edit-2-300x200.jpg 300w, https:\/\/www.kils.de\/fotokurse\/wp-content\/uploads\/2019\/11\/BK190409_9811-Luminar4edit-2-768x512.jpg 768w, https:\/\/www.kils.de\/fotokurse\/wp-content\/uploads\/2019\/11\/BK190409_9811-Luminar4edit-2-1536x1024.jpg 1536w, https:\/\/www.kils.de\/fotokurse\/wp-content\/uploads\/2019\/11\/BK190409_9811-Luminar4edit-2.jpg 1920w\" sizes=\"auto, (max-width: 1024px) 100vw, 1024px\" \/><button\n\t\t\tclass=\"lightbox-trigger\"\n\t\t\ttype=\"button\"\n\t\t\taria-haspopup=\"dialog\"\n\t\t\taria-label=\"Vergr\u00f6\u00dfern\"\n\t\t\tdata-wp-init=\"callbacks.initTriggerButton\"\n\t\t\tdata-wp-on--click=\"actions.showLightbox\"\n\t\t\tdata-wp-style--right=\"state.imageButtonRight\"\n\t\t\tdata-wp-style--top=\"state.imageButtonTop\"\n\t\t>\n\t\t\t<svg xmlns=\"http:\/\/www.w3.org\/2000\/svg\" width=\"12\" height=\"12\" fill=\"none\" viewBox=\"0 0 12 12\">\n\t\t\t\t<path fill=\"#fff\" d=\"M2 0a2 2 0 0 0-2 2v2h1.5V2a.5.5 0 0 1 .5-.5h2V0H2Zm2 10.5H2a.5.5 0 0 1-.5-.5V8H0v2a2 2 0 0 0 2 2h2v-1.5ZM8 12v-1.5h2a.5.5 0 0 0 .5-.5V8H12v2a2 2 0 0 1-2 2H8Zm2-12a2 2 0 0 1 2 2v2h-1.5V2a.5.5 0 0 0-.5-.5H8V0h2Z\" \/>\n\t\t\t<\/svg>\n\t\t<\/button><\/figure>\n\n\n\n<p class=\"has-text-align-center\" style=\"font-size:16px\">Landschaftspark Duisburg | Erleuchtet mit Luminar 4<\/p>\n\n\n\n<hr class=\"wp-block-separator has-text-color has-cyan-bluish-gray-color has-alpha-channel-opacity has-cyan-bluish-gray-background-color has-background is-style-wide\"\/>\n\n\n\n<div style=\"height:24px\" aria-hidden=\"true\" class=\"wp-block-spacer\"><\/div>\n\n\n\n<p class=\"has-text-align-center\" style=\"font-size:18px\">Am kommenden Dienstag, 19.11.2019, besch\u00e4ftigen wir uns mit dem Thema Objektive!<br>Zun\u00e4chst geht es um die Frage, worin sich Objektive beim Fotografieren unterscheiden. Es geht also um den optimalen Einsatz der passenden Brennweite. Sp\u00e4ter (eventuell auch erst n\u00e4chste Woche) geht es dann um den Autofokus und die Tiefensch\u00e4rfe.!<\/p>\n\n\n\n<div style=\"height:25px\" aria-hidden=\"true\" class=\"wp-block-spacer\"><\/div>\n\n\n\n<hr class=\"wp-block-separator has-text-color has-cyan-bluish-gray-color has-alpha-channel-opacity has-cyan-bluish-gray-background-color has-background\"\/>\n\n\n\n<p class=\"has-text-align-center\" style=\"font-size:18px\">Ein lohnendes Ziel f\u00fcr Fotografen ist der Landschaftspark Duisburg mit seinen stillgelegten Hoch\u00f6fen. An dem Tag hatte ich sogar ganz sch\u00f6nes Licht, aber eine Stimmung, die zu der untergegangen Industriekultur passte, wollte sich nicht so richtig einstellen.<br>Nachdem ich mich neulich mit der neuesten Version von Luminar, einer beliebten Bildbearbeitungssoftware, vertraut machen wollte, fielen mir diese Fotos wieder in die H\u00e4nde. Die B\u00e4ume und das filigrane Stahlger\u00fcst an der Anlage sind eine ernsthafte Herausforderung f\u00fcr jeden Bildbearbeiter, der einen tr\u00fcben Himmel gegen einen ausdrucksstarken Himmel tauschen m\u00f6chte. Nachdem ich das Bild in Luminar 4 geladen hatte, offenbarte sich mir nach dem Mausklick auf &#8222;Sky Replacement&#8220; innerhalb von 3 Sekunden eine Revolution! Echt krass!<br>Die einzige Schwierigkeit, die bestehen bleibt, ist einen passenden Himmel f\u00fcr ein glaubw\u00fcrdiges Ergebniss zu finden. Aber daf\u00fcr wird eine Auswahl an Himmeln mitgeliefert und man kann auch seine eigenen Himmel verwenden!<br>Und die sollte man immer im Auge haben!<\/p>\n\n\n\n<div style=\"height:25px\" aria-hidden=\"true\" class=\"wp-block-spacer\"><\/div>\n\n\n\n\t\t\t\n\t<style type=\"text\/css\">\n\t\t.slider-info-5187.bafg-slider-info .bafg-slider-title {\n\t\t\t\t\t\t\tfont-size:\n\t\t\t\t\t22px\t\t\t\t;\n\t\t\t\n\t\t\t\n\t\t\t\t\t}\n\n\t\t.slider-info-5187.bafg-slider-info .bafg-slider-description {\n\t\t\t\n\t\t\t\n\t\t\t\t\t}\n\t\t\n\t\t\n\t\t.slider-info-5187.bafg-slider-info .bafg_slider_readmore_button {\n\t\t\t\n\t\t\t\n\t\t\t\n\t\t\t\n\t\t\t\n\t\t\ttext-align: center;\n\n\t\t\t\n\t\t\t\n\t\t\t\n\t\t\t\n\t\t\t\t\t}\n\n\t\t.slider-info-5187.bafg-slider-info .bafg_slider_readmore_button:hover {\n\n\t\t\t\n\t\t\t\n\t\t\t\t\t}\n\t<\/style>\n\t\n\t\t\t<div class=\"bafg-twentytwenty-container slider-5187  \"\n\t\t\t\tbafg-orientation=\"horizontal\" bafg-default-offset=\"0.5\"\n\t\t\t\tbafg-before-label=\"Before\"\n\t\t\t\tbafg-after-label=\"After\" bafg-overlay=\"1\"\n\t\t\t\tbafg-move-slider-on-hover=\"\"\n\t\t\t\tbafg-click-to-move=\"\">\n\n\t\t\t\t\t\t\t\t<img class=\"skip-lazy\" data-skip-lazy\t\t\t\t\tsrc=\"https:\/\/www.kils.de\/fotokurse\/wp-content\/uploads\/2024\/11\/BK190409_9811.jpg\" alt=\"\">\n\t\t\t\t<img class=\"skip-lazy\" data-skip-lazy\t\t\t\t\tsrc=\"https:\/\/www.kils.de\/fotokurse\/wp-content\/uploads\/2024\/11\/BK190409_9811-Luminar4edit-2.jpg\" alt=\"\">\n\n\t\t\t<\/div>\n\n\t\t\t\t<div class=\"bafg-slider-info-wraper\">\n\t\t<div style=\"\" class=\"slider-info-5187 bafg-slider-info\">\n\t\t\t\t\t<\/div>\n\t<\/div>\n\t\n\t\t\t<style type=\"text\/css\">\n\t\t\t\t\t\t\t\t\t\t\t<\/style>\n\t\t\t\n\n\n\n<p class=\"has-text-align-center\" style=\"font-size:18px\">Comparison Slider: Originalfoto VS. Luminar 4<\/p>\n\n\n\n<p class=\"has-text-align-center\"><\/p>\n\n\n\n<div style=\"height:20px\" aria-hidden=\"true\" class=\"wp-block-spacer\"><\/div>\n\n\n\n<hr class=\"wp-block-separator aligncenter has-text-color has-cyan-bluish-gray-color has-alpha-channel-opacity has-cyan-bluish-gray-background-color has-background is-style-wide\"\/>\n\n\n\n<div class=\"wp-block-columns has-cyan-bluish-gray-color has-text-color has-link-color wp-elements-6e086acffd98fc724b590a15825a625a is-layout-flex wp-container-core-columns-is-layout-9d6595d7 wp-block-columns-is-layout-flex\">\n<div class=\"wp-block-column is-layout-flow wp-block-column-is-layout-flow\"><\/div>\n\n\n\n<div class=\"wp-block-column is-layout-flow wp-block-column-is-layout-flow\"><\/div>\n<\/div>\n","protected":false},"excerpt":{"rendered":"<p>Objektive Landschaftspark Duisburg | Erleuchtet mit Luminar 4 Am kommenden Dienstag, 19.11.2019, besch\u00e4ftigen wir uns mit dem Thema Objektive!Zun\u00e4chst geht es um die Frage, worin sich Objektive beim Fotografieren unterscheiden. &#8230;<\/p>\n","protected":false},"author":1,"featured_media":5185,"comment_status":"open","ping_status":"open","sticky":false,"template":"","format":"standard","meta":{"slim_seo":{"title":"4. Kursabend - Fotografie &amp; Bildbestaltung","description":"Objektive Landschaftspark Duisburg | Erleuchtet mit Luminar 4 Am kommenden Dienstag, 19.11.2019, besch\u00e4ftigen wir uns mit dem Thema Objektive! Zun\u00e4chst geht es"},"footnotes":""},"categories":[50],"tags":[49],"class_list":["post-5183","post","type-post","status-publish","format-standard","has-post-thumbnail","hentry","category-objektive","tag-objektive"],"_links":{"self":[{"href":"https:\/\/www.kils.de\/fotokurse\/wp-json\/wp\/v2\/posts\/5183","targetHints":{"allow":["GET"]}}],"collection":[{"href":"https:\/\/www.kils.de\/fotokurse\/wp-json\/wp\/v2\/posts"}],"about":[{"href":"https:\/\/www.kils.de\/fotokurse\/wp-json\/wp\/v2\/types\/post"}],"author":[{"embeddable":true,"href":"https:\/\/www.kils.de\/fotokurse\/wp-json\/wp\/v2\/users\/1"}],"replies":[{"embeddable":true,"href":"https:\/\/www.kils.de\/fotokurse\/wp-json\/wp\/v2\/comments?post=5183"}],"version-history":[{"count":0,"href":"https:\/\/www.kils.de\/fotokurse\/wp-json\/wp\/v2\/posts\/5183\/revisions"}],"wp:featuredmedia":[{"embeddable":true,"href":"https:\/\/www.kils.de\/fotokurse\/wp-json\/wp\/v2\/media\/5185"}],"wp:attachment":[{"href":"https:\/\/www.kils.de\/fotokurse\/wp-json\/wp\/v2\/media?parent=5183"}],"wp:term":[{"taxonomy":"category","embeddable":true,"href":"https:\/\/www.kils.de\/fotokurse\/wp-json\/wp\/v2\/categories?post=5183"},{"taxonomy":"post_tag","embeddable":true,"href":"https:\/\/www.kils.de\/fotokurse\/wp-json\/wp\/v2\/tags?post=5183"}],"curies":[{"name":"wp","href":"https:\/\/api.w.org\/{rel}","templated":true}]}}