{"id":7720,"date":"2026-02-11T21:40:40","date_gmt":"2026-02-11T20:40:40","guid":{"rendered":"https:\/\/www.kils.de\/fotokurse\/?p=7720"},"modified":"2026-02-11T21:44:54","modified_gmt":"2026-02-11T20:44:54","slug":"post_238","status":"publish","type":"post","link":"https:\/\/www.kils.de\/fotokurse\/2026\/02\/11\/post_238\/","title":{"rendered":"5. Kursabend"},"content":{"rendered":"\n<p class=\"has-text-align-left has-medium-font-size\"><em>Objektive<\/em><\/p>\n\n\n\n<figure data-wp-context=\"{&quot;imageId&quot;:&quot;69f22c1d02029&quot;}\" data-wp-interactive=\"core\/image\" data-wp-key=\"69f22c1d02029\" class=\"wp-block-image alignwide size-large wp-lightbox-container\"><img loading=\"lazy\" decoding=\"async\" width=\"1024\" height=\"576\" data-wp-class--hide=\"state.isContentHidden\" data-wp-class--show=\"state.isContentVisible\" data-wp-init=\"callbacks.setButtonStyles\" data-wp-on--click=\"actions.showLightbox\" data-wp-on--load=\"callbacks.setButtonStyles\" data-wp-on-window--resize=\"callbacks.setButtonStyles\" src=\"https:\/\/www.kils.de\/fotokurse\/wp-content\/uploads\/2024\/05\/DSC08100-1024x576.jpg\" alt=\"\" class=\"wp-image-4559\" srcset=\"https:\/\/www.kils.de\/fotokurse\/wp-content\/uploads\/2024\/05\/DSC08100-1024x576.jpg 1024w, https:\/\/www.kils.de\/fotokurse\/wp-content\/uploads\/2024\/05\/DSC08100-300x169.jpg 300w, https:\/\/www.kils.de\/fotokurse\/wp-content\/uploads\/2024\/05\/DSC08100-768x432.jpg 768w, https:\/\/www.kils.de\/fotokurse\/wp-content\/uploads\/2024\/05\/DSC08100-1536x864.jpg 1536w, https:\/\/www.kils.de\/fotokurse\/wp-content\/uploads\/2024\/05\/DSC08100-2048x1152.jpg 2048w\" sizes=\"auto, (max-width: 1024px) 100vw, 1024px\" \/><button\n\t\t\tclass=\"lightbox-trigger\"\n\t\t\ttype=\"button\"\n\t\t\taria-haspopup=\"dialog\"\n\t\t\taria-label=\"Vergr\u00f6\u00dfern\"\n\t\t\tdata-wp-init=\"callbacks.initTriggerButton\"\n\t\t\tdata-wp-on--click=\"actions.showLightbox\"\n\t\t\tdata-wp-style--right=\"state.imageButtonRight\"\n\t\t\tdata-wp-style--top=\"state.imageButtonTop\"\n\t\t>\n\t\t\t<svg xmlns=\"http:\/\/www.w3.org\/2000\/svg\" width=\"12\" height=\"12\" fill=\"none\" viewBox=\"0 0 12 12\">\n\t\t\t\t<path fill=\"#fff\" d=\"M2 0a2 2 0 0 0-2 2v2h1.5V2a.5.5 0 0 1 .5-.5h2V0H2Zm2 10.5H2a.5.5 0 0 1-.5-.5V8H0v2a2 2 0 0 0 2 2h2v-1.5ZM8 12v-1.5h2a.5.5 0 0 0 .5-.5V8H12v2a2 2 0 0 1-2 2H8Zm2-12a2 2 0 0 1 2 2v2h-1.5V2a.5.5 0 0 0-.5-.5H8V0h2Z\" \/>\n\t\t\t<\/svg>\n\t\t<\/button><\/figure>\n\n\n\n<p class=\"has-text-align-center\">Foto: Cathrin Stegemann-Wibbelt  | 1\/4000s bei f \/ 1,8 und ISO 100<\/p>\n\n\n\n<div style=\"height:30px\" aria-hidden=\"true\" class=\"wp-block-spacer\"><\/div>\n\n\n\n<p class=\"has-text-align-center\" style=\"font-size:18px\"><strong>Am kommenden Dienstag (17.02.2026) lautet das Thema \u201cObjektive\u201d<\/strong><\/p>\n\n\n\n<div style=\"height:24px\" aria-hidden=\"true\" class=\"wp-block-spacer\"><\/div>\n\n\n\n<hr class=\"wp-block-separator has-text-color has-cyan-bluish-gray-color has-alpha-channel-opacity has-cyan-bluish-gray-background-color has-background\"\/>\n\n\n\n<div style=\"height:24px\" aria-hidden=\"true\" class=\"wp-block-spacer\"><\/div>\n\n\n\n<p class=\"has-text-align-center\" style=\"font-size:18px\">Dieses wundersch\u00f6ne Foto hat Cathy bei einer Exkursion in den botanischen Garten gemacht.<br>Um die leichte, sonnige Stimmung zu bewahren muss gerade bei Gegenlichtaufnahmen wie dieser oft eine Belichtungskorrektur an der Kamera (+\/- AV) vorgenommen werden. In diesem Fall reichte eine Belichtungskorrektur von + 0,7 EV aus, aber ohne diese Korrektur w\u00fcrde das Bild einfach zu dunkel werden! <br><\/p>\n\n\n\n<div style=\"height:24px\" aria-hidden=\"true\" class=\"wp-block-spacer\"><\/div>\n\n\n\n<hr class=\"wp-block-separator has-text-color has-cyan-bluish-gray-color has-alpha-channel-opacity has-cyan-bluish-gray-background-color has-background\"\/>\n\n\n\n<div style=\"height:24px\" aria-hidden=\"true\" class=\"wp-block-spacer\"><\/div>\n\n\n\n<p class=\"has-text-align-center\" style=\"font-size:18px\">Die 3. Challenge soll sich genau mit dieser fotografische Herausforderung besch\u00e4ftigen!<br>Sie hei\u00dft deshalb: Gegenlicht!<\/p>\n\n\n\n<p class=\"has-text-align-center\" style=\"font-size:18px\">Bitte sucht Euch ein Motiv im Gegenlicht und rettet es, indem Ihr die Belichtungsmessung korrigiert!<br>Je nachdem wie stark das Gegenlicht ist, st\u00f6\u00dft auch diese Ma\u00dfnahme an ihre Grenzen.<br>Manchmal muss man erweiterte Techniken, wie zum Beispiel HDR, einsetzen um zu brauchbaren Fotos zu kommen. <br><\/p>\n\n\n\n<div style=\"height:24px\" aria-hidden=\"true\" class=\"wp-block-spacer\"><\/div>\n\n\n\n<hr class=\"wp-block-separator has-text-color has-cyan-bluish-gray-color has-alpha-channel-opacity has-cyan-bluish-gray-background-color has-background is-style-wide\"\/>\n\n\n\n<div style=\"height:24px\" aria-hidden=\"true\" class=\"wp-block-spacer\"><\/div>\n\n\n\n<p class=\"has-text-align-center\" style=\"font-size:18px\"><br>Die Aufnahmen unten habe ich am Ende unserer letzten Exkursion zum Hawerkamp gemacht.<br>Es herrschte ja immer noch diese leicht diesige Stimmung, aber die Kamera ben\u00f6tigt auch bei dieser Gegenlichtaufnahme eine Belichtungskorrektur!<\/p>\n\n\n\n<div style=\"height:30px\" aria-hidden=\"true\" class=\"wp-block-spacer\"><\/div>\n\n\n\n<figure data-wp-context=\"{&quot;imageId&quot;:&quot;69f22c1d033bf&quot;}\" data-wp-interactive=\"core\/image\" data-wp-key=\"69f22c1d033bf\" class=\"wp-block-image alignwide size-large wp-lightbox-container\"><img loading=\"lazy\" decoding=\"async\" width=\"1024\" height=\"683\" data-wp-class--hide=\"state.isContentHidden\" data-wp-class--show=\"state.isContentVisible\" data-wp-init=\"callbacks.setButtonStyles\" data-wp-on--click=\"actions.showLightbox\" data-wp-on--load=\"callbacks.setButtonStyles\" data-wp-on-window--resize=\"callbacks.setButtonStyles\" src=\"https:\/\/www.kils.de\/fotokurse\/wp-content\/uploads\/2026\/02\/VHS260208_3754-1024x683.jpg\" alt=\"\" class=\"wp-image-7778\" srcset=\"https:\/\/www.kils.de\/fotokurse\/wp-content\/uploads\/2026\/02\/VHS260208_3754-1024x683.jpg 1024w, https:\/\/www.kils.de\/fotokurse\/wp-content\/uploads\/2026\/02\/VHS260208_3754-300x200.jpg 300w, https:\/\/www.kils.de\/fotokurse\/wp-content\/uploads\/2026\/02\/VHS260208_3754-768x512.jpg 768w, https:\/\/www.kils.de\/fotokurse\/wp-content\/uploads\/2026\/02\/VHS260208_3754-1536x1024.jpg 1536w, https:\/\/www.kils.de\/fotokurse\/wp-content\/uploads\/2026\/02\/VHS260208_3754-2048x1366.jpg 2048w\" sizes=\"auto, (max-width: 1024px) 100vw, 1024px\" \/><button\n\t\t\tclass=\"lightbox-trigger\"\n\t\t\ttype=\"button\"\n\t\t\taria-haspopup=\"dialog\"\n\t\t\taria-label=\"Vergr\u00f6\u00dfern\"\n\t\t\tdata-wp-init=\"callbacks.initTriggerButton\"\n\t\t\tdata-wp-on--click=\"actions.showLightbox\"\n\t\t\tdata-wp-style--right=\"state.imageButtonRight\"\n\t\t\tdata-wp-style--top=\"state.imageButtonTop\"\n\t\t>\n\t\t\t<svg xmlns=\"http:\/\/www.w3.org\/2000\/svg\" width=\"12\" height=\"12\" fill=\"none\" viewBox=\"0 0 12 12\">\n\t\t\t\t<path fill=\"#fff\" d=\"M2 0a2 2 0 0 0-2 2v2h1.5V2a.5.5 0 0 1 .5-.5h2V0H2Zm2 10.5H2a.5.5 0 0 1-.5-.5V8H0v2a2 2 0 0 0 2 2h2v-1.5ZM8 12v-1.5h2a.5.5 0 0 0 .5-.5V8H12v2a2 2 0 0 1-2 2H8Zm2-12a2 2 0 0 1 2 2v2h-1.5V2a.5.5 0 0 0-.5-.5H8V0h2Z\" \/>\n\t\t\t<\/svg>\n\t\t<\/button><\/figure>\n\n\n\n<p class=\"has-text-align-center\">Gegenlichtaufnahme | 1\/250s bei f \/ 9,5 und ISO 200 |Ohne Belichtungskorrektur<\/p>\n\n\n\n<div style=\"height:28px\" aria-hidden=\"true\" class=\"wp-block-spacer\"><\/div>\n\n\n\n<figure data-wp-context=\"{&quot;imageId&quot;:&quot;69f22c1d039b7&quot;}\" data-wp-interactive=\"core\/image\" data-wp-key=\"69f22c1d039b7\" class=\"wp-block-image alignwide size-large wp-lightbox-container\"><img loading=\"lazy\" decoding=\"async\" width=\"1024\" height=\"683\" data-wp-class--hide=\"state.isContentHidden\" data-wp-class--show=\"state.isContentVisible\" data-wp-init=\"callbacks.setButtonStyles\" data-wp-on--click=\"actions.showLightbox\" data-wp-on--load=\"callbacks.setButtonStyles\" data-wp-on-window--resize=\"callbacks.setButtonStyles\" src=\"https:\/\/www.kils.de\/fotokurse\/wp-content\/uploads\/2026\/02\/VHS260208_3754-2-1024x683.jpg\" alt=\"\" class=\"wp-image-7779\" srcset=\"https:\/\/www.kils.de\/fotokurse\/wp-content\/uploads\/2026\/02\/VHS260208_3754-2-1024x683.jpg 1024w, https:\/\/www.kils.de\/fotokurse\/wp-content\/uploads\/2026\/02\/VHS260208_3754-2-300x200.jpg 300w, https:\/\/www.kils.de\/fotokurse\/wp-content\/uploads\/2026\/02\/VHS260208_3754-2-768x512.jpg 768w, https:\/\/www.kils.de\/fotokurse\/wp-content\/uploads\/2026\/02\/VHS260208_3754-2-1536x1024.jpg 1536w, https:\/\/www.kils.de\/fotokurse\/wp-content\/uploads\/2026\/02\/VHS260208_3754-2-2048x1366.jpg 2048w\" sizes=\"auto, (max-width: 1024px) 100vw, 1024px\" \/><button\n\t\t\tclass=\"lightbox-trigger\"\n\t\t\ttype=\"button\"\n\t\t\taria-haspopup=\"dialog\"\n\t\t\taria-label=\"Vergr\u00f6\u00dfern\"\n\t\t\tdata-wp-init=\"callbacks.initTriggerButton\"\n\t\t\tdata-wp-on--click=\"actions.showLightbox\"\n\t\t\tdata-wp-style--right=\"state.imageButtonRight\"\n\t\t\tdata-wp-style--top=\"state.imageButtonTop\"\n\t\t>\n\t\t\t<svg xmlns=\"http:\/\/www.w3.org\/2000\/svg\" width=\"12\" height=\"12\" fill=\"none\" viewBox=\"0 0 12 12\">\n\t\t\t\t<path fill=\"#fff\" d=\"M2 0a2 2 0 0 0-2 2v2h1.5V2a.5.5 0 0 1 .5-.5h2V0H2Zm2 10.5H2a.5.5 0 0 1-.5-.5V8H0v2a2 2 0 0 0 2 2h2v-1.5ZM8 12v-1.5h2a.5.5 0 0 0 .5-.5V8H12v2a2 2 0 0 1-2 2H8Zm2-12a2 2 0 0 1 2 2v2h-1.5V2a.5.5 0 0 0-.5-.5H8V0h2Z\" \/>\n\t\t\t<\/svg>\n\t\t<\/button><\/figure>\n\n\n\n<p class=\"has-text-align-center\">Gegenlichtaufnahme | 1\/250s bei f \/ 9,5 und ISO 200 | Belichtungskorrektur + 0,7 EV<\/p>\n\n\n\n<div style=\"height:28px\" aria-hidden=\"true\" class=\"wp-block-spacer\"><\/div>\n\n\n\n<figure data-wp-context=\"{&quot;imageId&quot;:&quot;69f22c1d03fcb&quot;}\" data-wp-interactive=\"core\/image\" data-wp-key=\"69f22c1d03fcb\" class=\"wp-block-image alignwide size-large wp-lightbox-container\"><img loading=\"lazy\" decoding=\"async\" width=\"1024\" height=\"683\" data-wp-class--hide=\"state.isContentHidden\" data-wp-class--show=\"state.isContentVisible\" data-wp-init=\"callbacks.setButtonStyles\" data-wp-on--click=\"actions.showLightbox\" data-wp-on--load=\"callbacks.setButtonStyles\" data-wp-on-window--resize=\"callbacks.setButtonStyles\" src=\"https:\/\/www.kils.de\/fotokurse\/wp-content\/uploads\/2026\/02\/VHS260208_3754-3-1024x683.jpg\" alt=\"\" class=\"wp-image-7780\" srcset=\"https:\/\/www.kils.de\/fotokurse\/wp-content\/uploads\/2026\/02\/VHS260208_3754-3-1024x683.jpg 1024w, https:\/\/www.kils.de\/fotokurse\/wp-content\/uploads\/2026\/02\/VHS260208_3754-3-300x200.jpg 300w, https:\/\/www.kils.de\/fotokurse\/wp-content\/uploads\/2026\/02\/VHS260208_3754-3-768x512.jpg 768w, https:\/\/www.kils.de\/fotokurse\/wp-content\/uploads\/2026\/02\/VHS260208_3754-3-1536x1024.jpg 1536w, https:\/\/www.kils.de\/fotokurse\/wp-content\/uploads\/2026\/02\/VHS260208_3754-3-2048x1366.jpg 2048w\" sizes=\"auto, (max-width: 1024px) 100vw, 1024px\" \/><button\n\t\t\tclass=\"lightbox-trigger\"\n\t\t\ttype=\"button\"\n\t\t\taria-haspopup=\"dialog\"\n\t\t\taria-label=\"Vergr\u00f6\u00dfern\"\n\t\t\tdata-wp-init=\"callbacks.initTriggerButton\"\n\t\t\tdata-wp-on--click=\"actions.showLightbox\"\n\t\t\tdata-wp-style--right=\"state.imageButtonRight\"\n\t\t\tdata-wp-style--top=\"state.imageButtonTop\"\n\t\t>\n\t\t\t<svg xmlns=\"http:\/\/www.w3.org\/2000\/svg\" width=\"12\" height=\"12\" fill=\"none\" viewBox=\"0 0 12 12\">\n\t\t\t\t<path fill=\"#fff\" d=\"M2 0a2 2 0 0 0-2 2v2h1.5V2a.5.5 0 0 1 .5-.5h2V0H2Zm2 10.5H2a.5.5 0 0 1-.5-.5V8H0v2a2 2 0 0 0 2 2h2v-1.5ZM8 12v-1.5h2a.5.5 0 0 0 .5-.5V8H12v2a2 2 0 0 1-2 2H8Zm2-12a2 2 0 0 1 2 2v2h-1.5V2a.5.5 0 0 0-.5-.5H8V0h2Z\" \/>\n\t\t\t<\/svg>\n\t\t<\/button><\/figure>\n\n\n\n<p class=\"has-text-align-center\">Gegenlichtaufnahme miit Bildbearbeitung &#8211; Geschmackssache.<\/p>\n\n\n\n<div style=\"height:30px\" aria-hidden=\"true\" class=\"wp-block-spacer\"><\/div>\n\n\n\n<p class=\"has-text-align-center\"><\/p>\n\n\n\n<div style=\"height:20px\" aria-hidden=\"true\" class=\"wp-block-spacer\"><\/div>\n\n\n\n<hr class=\"wp-block-separator aligncenter has-text-color has-cyan-bluish-gray-color has-alpha-channel-opacity has-cyan-bluish-gray-background-color has-background is-style-wide\"\/>\n\n\n\n<div class=\"wp-block-columns has-cyan-bluish-gray-color has-text-color has-link-color wp-elements-6e086acffd98fc724b590a15825a625a is-layout-flex wp-container-core-columns-is-layout-9d6595d7 wp-block-columns-is-layout-flex\">\n<div class=\"wp-block-column is-layout-flow wp-block-column-is-layout-flow\"><\/div>\n\n\n\n<div class=\"wp-block-column is-layout-flow wp-block-column-is-layout-flow\"><\/div>\n<\/div>\n","protected":false},"excerpt":{"rendered":"<p>Objektive Foto: Cathrin Stegemann-Wibbelt | 1\/4000s bei f \/ 1,8 und ISO 100 Am kommenden Dienstag (17.02.2026) lautet das Thema \u201cObjektive\u201d Dieses wundersch\u00f6ne Foto hat Cathy bei einer Exkursion in &#8230;<\/p>\n","protected":false},"author":1,"featured_media":4559,"comment_status":"open","ping_status":"closed","sticky":false,"template":"","format":"standard","meta":{"slim_seo":{"title":"5. Kursabend - Fotografie &amp; Bildbestaltung","description":"Objektive Foto: Cathrin Stegemann-Wibbelt | 1\/4000s bei f \/ 1,8 und ISO 100 Am kommenden Dienstag (17.02.2026) lautet das Thema \u201cObjektive\u201d Dieses wundersch\u00f6ne"},"footnotes":""},"categories":[41,48,50],"tags":[54,49],"class_list":["post-7720","post","type-post","status-publish","format-standard","has-post-thumbnail","hentry","category-foto-exkursion","category-hawerkamp","category-objektive","tag-exkursion","tag-objektive"],"_links":{"self":[{"href":"https:\/\/www.kils.de\/fotokurse\/wp-json\/wp\/v2\/posts\/7720","targetHints":{"allow":["GET"]}}],"collection":[{"href":"https:\/\/www.kils.de\/fotokurse\/wp-json\/wp\/v2\/posts"}],"about":[{"href":"https:\/\/www.kils.de\/fotokurse\/wp-json\/wp\/v2\/types\/post"}],"author":[{"embeddable":true,"href":"https:\/\/www.kils.de\/fotokurse\/wp-json\/wp\/v2\/users\/1"}],"replies":[{"embeddable":true,"href":"https:\/\/www.kils.de\/fotokurse\/wp-json\/wp\/v2\/comments?post=7720"}],"version-history":[{"count":0,"href":"https:\/\/www.kils.de\/fotokurse\/wp-json\/wp\/v2\/posts\/7720\/revisions"}],"wp:featuredmedia":[{"embeddable":true,"href":"https:\/\/www.kils.de\/fotokurse\/wp-json\/wp\/v2\/media\/4559"}],"wp:attachment":[{"href":"https:\/\/www.kils.de\/fotokurse\/wp-json\/wp\/v2\/media?parent=7720"}],"wp:term":[{"taxonomy":"category","embeddable":true,"href":"https:\/\/www.kils.de\/fotokurse\/wp-json\/wp\/v2\/categories?post=7720"},{"taxonomy":"post_tag","embeddable":true,"href":"https:\/\/www.kils.de\/fotokurse\/wp-json\/wp\/v2\/tags?post=7720"}],"curies":[{"name":"wp","href":"https:\/\/api.w.org\/{rel}","templated":true}]}}