{"id":7832,"date":"2026-02-20T22:53:42","date_gmt":"2026-02-20T21:53:42","guid":{"rendered":"https:\/\/www.kils.de\/fotokurse\/?p=7832"},"modified":"2026-02-20T22:53:45","modified_gmt":"2026-02-20T21:53:45","slug":"post_240","status":"publish","type":"post","link":"https:\/\/www.kils.de\/fotokurse\/2026\/02\/20\/post_240\/","title":{"rendered":"7. Kursabend"},"content":{"rendered":"\n<p class=\"has-text-align-left has-medium-font-size\">N\u00e4chste Woche: Objektive \/ Belichtungsmessung<\/p>\n\n\n\n<div style=\"height:24px\" aria-hidden=\"true\" class=\"wp-block-spacer\"><\/div>\n\n\n\n<figure data-wp-context=\"{&quot;imageId&quot;:&quot;69f44cbd18249&quot;}\" data-wp-interactive=\"core\/image\" data-wp-key=\"69f44cbd18249\" class=\"wp-block-image alignwide size-large wp-lightbox-container\"><img loading=\"lazy\" decoding=\"async\" width=\"1024\" height=\"683\" data-wp-class--hide=\"state.isContentHidden\" data-wp-class--show=\"state.isContentVisible\" data-wp-init=\"callbacks.setButtonStyles\" data-wp-on--click=\"actions.showLightbox\" data-wp-on--load=\"callbacks.setButtonStyles\" data-wp-on-window--resize=\"callbacks.setButtonStyles\" src=\"https:\/\/www.kils.de\/fotokurse\/wp-content\/uploads\/2026\/02\/VHS250622_0876-Bearbeitet-1024x683.jpg\" alt=\"\" class=\"wp-image-7842\" srcset=\"https:\/\/www.kils.de\/fotokurse\/wp-content\/uploads\/2026\/02\/VHS250622_0876-Bearbeitet-1024x683.jpg 1024w, https:\/\/www.kils.de\/fotokurse\/wp-content\/uploads\/2026\/02\/VHS250622_0876-Bearbeitet-300x200.jpg 300w, https:\/\/www.kils.de\/fotokurse\/wp-content\/uploads\/2026\/02\/VHS250622_0876-Bearbeitet-768x512.jpg 768w, https:\/\/www.kils.de\/fotokurse\/wp-content\/uploads\/2026\/02\/VHS250622_0876-Bearbeitet-1536x1024.jpg 1536w, https:\/\/www.kils.de\/fotokurse\/wp-content\/uploads\/2026\/02\/VHS250622_0876-Bearbeitet-2048x1366.jpg 2048w\" sizes=\"auto, (max-width: 1024px) 100vw, 1024px\" \/><button\n\t\t\tclass=\"lightbox-trigger\"\n\t\t\ttype=\"button\"\n\t\t\taria-haspopup=\"dialog\"\n\t\t\taria-label=\"Vergr\u00f6\u00dfern\"\n\t\t\tdata-wp-init=\"callbacks.initTriggerButton\"\n\t\t\tdata-wp-on--click=\"actions.showLightbox\"\n\t\t\tdata-wp-style--right=\"state.imageButtonRight\"\n\t\t\tdata-wp-style--top=\"state.imageButtonTop\"\n\t\t>\n\t\t\t<svg xmlns=\"http:\/\/www.w3.org\/2000\/svg\" width=\"12\" height=\"12\" fill=\"none\" viewBox=\"0 0 12 12\">\n\t\t\t\t<path fill=\"#fff\" d=\"M2 0a2 2 0 0 0-2 2v2h1.5V2a.5.5 0 0 1 .5-.5h2V0H2Zm2 10.5H2a.5.5 0 0 1-.5-.5V8H0v2a2 2 0 0 0 2 2h2v-1.5ZM8 12v-1.5h2a.5.5 0 0 0 .5-.5V8H12v2a2 2 0 0 1-2 2H8Zm2-12a2 2 0 0 1 2 2v2h-1.5V2a.5.5 0 0 0-.5-.5H8V0h2Z\" \/>\n\t\t\t<\/svg>\n\t\t<\/button><figcaption class=\"wp-element-caption\"><br>Verregnete Exkursion | 0,8 s bei Blende 13 und ISO 100 mit Stativ<\/figcaption><\/figure>\n\n\n\n<p class=\"has-text-align-center\" style=\"font-size:18px\"><strong>N\u00e4chsten Dienstag (24.02.2026) geht es um das Thema<\/strong><br><strong>&#8222;Bildbearbeitung \/ Belichtungsmessung&#8220;!<\/strong><\/p>\n\n\n\n<p class=\"has-text-align-center\" style=\"font-size:18px\">Motive gibt es genug, auch oder gerade bei Regenwetter!<br>Manche sind schwer zu sehen, manche schwer zu belichten.<br>Das wird unser Thema am kommenden Dienstag sein.<\/p>\n\n\n\n<div style=\"height:24px\" aria-hidden=\"true\" class=\"wp-block-spacer\"><\/div>\n\n\n\n<figure data-wp-context=\"{&quot;imageId&quot;:&quot;69f44cbd18fb6&quot;}\" data-wp-interactive=\"core\/image\" data-wp-key=\"69f44cbd18fb6\" class=\"wp-block-image alignwide size-large wp-lightbox-container\"><img loading=\"lazy\" decoding=\"async\" width=\"1024\" height=\"683\" data-wp-class--hide=\"state.isContentHidden\" data-wp-class--show=\"state.isContentVisible\" data-wp-init=\"callbacks.setButtonStyles\" data-wp-on--click=\"actions.showLightbox\" data-wp-on--load=\"callbacks.setButtonStyles\" data-wp-on-window--resize=\"callbacks.setButtonStyles\" src=\"https:\/\/www.kils.de\/fotokurse\/wp-content\/uploads\/2026\/02\/VHS250622_0868-1024x683.jpg\" alt=\"\" class=\"wp-image-7846\" srcset=\"https:\/\/www.kils.de\/fotokurse\/wp-content\/uploads\/2026\/02\/VHS250622_0868-1024x683.jpg 1024w, https:\/\/www.kils.de\/fotokurse\/wp-content\/uploads\/2026\/02\/VHS250622_0868-300x200.jpg 300w, https:\/\/www.kils.de\/fotokurse\/wp-content\/uploads\/2026\/02\/VHS250622_0868-768x512.jpg 768w, https:\/\/www.kils.de\/fotokurse\/wp-content\/uploads\/2026\/02\/VHS250622_0868-1536x1024.jpg 1536w, https:\/\/www.kils.de\/fotokurse\/wp-content\/uploads\/2026\/02\/VHS250622_0868-2048x1366.jpg 2048w\" sizes=\"auto, (max-width: 1024px) 100vw, 1024px\" \/><button\n\t\t\tclass=\"lightbox-trigger\"\n\t\t\ttype=\"button\"\n\t\t\taria-haspopup=\"dialog\"\n\t\t\taria-label=\"Vergr\u00f6\u00dfern\"\n\t\t\tdata-wp-init=\"callbacks.initTriggerButton\"\n\t\t\tdata-wp-on--click=\"actions.showLightbox\"\n\t\t\tdata-wp-style--right=\"state.imageButtonRight\"\n\t\t\tdata-wp-style--top=\"state.imageButtonTop\"\n\t\t>\n\t\t\t<svg xmlns=\"http:\/\/www.w3.org\/2000\/svg\" width=\"12\" height=\"12\" fill=\"none\" viewBox=\"0 0 12 12\">\n\t\t\t\t<path fill=\"#fff\" d=\"M2 0a2 2 0 0 0-2 2v2h1.5V2a.5.5 0 0 1 .5-.5h2V0H2Zm2 10.5H2a.5.5 0 0 1-.5-.5V8H0v2a2 2 0 0 0 2 2h2v-1.5ZM8 12v-1.5h2a.5.5 0 0 0 .5-.5V8H12v2a2 2 0 0 1-2 2H8Zm2-12a2 2 0 0 1 2 2v2h-1.5V2a.5.5 0 0 0-.5-.5H8V0h2Z\" \/>\n\t\t\t<\/svg>\n\t\t<\/button><figcaption class=\"wp-element-caption\"><br>Details machen sich immer gut!<\/figcaption><\/figure>\n\n\n\n<div style=\"height:24px\" aria-hidden=\"true\" class=\"wp-block-spacer\"><\/div>\n\n\n\n<figure data-wp-context=\"{&quot;imageId&quot;:&quot;69f44cbd19592&quot;}\" data-wp-interactive=\"core\/image\" data-wp-key=\"69f44cbd19592\" class=\"wp-block-image alignwide size-large wp-lightbox-container\"><img loading=\"lazy\" decoding=\"async\" width=\"1024\" height=\"683\" data-wp-class--hide=\"state.isContentHidden\" data-wp-class--show=\"state.isContentVisible\" data-wp-init=\"callbacks.setButtonStyles\" data-wp-on--click=\"actions.showLightbox\" data-wp-on--load=\"callbacks.setButtonStyles\" data-wp-on-window--resize=\"callbacks.setButtonStyles\" src=\"https:\/\/www.kils.de\/fotokurse\/wp-content\/uploads\/2026\/02\/MS200126_9194-HDR_04-1024x683.jpg\" alt=\"\" class=\"wp-image-7844\" srcset=\"https:\/\/www.kils.de\/fotokurse\/wp-content\/uploads\/2026\/02\/MS200126_9194-HDR_04-1024x683.jpg 1024w, https:\/\/www.kils.de\/fotokurse\/wp-content\/uploads\/2026\/02\/MS200126_9194-HDR_04-300x200.jpg 300w, https:\/\/www.kils.de\/fotokurse\/wp-content\/uploads\/2026\/02\/MS200126_9194-HDR_04-768x512.jpg 768w, https:\/\/www.kils.de\/fotokurse\/wp-content\/uploads\/2026\/02\/MS200126_9194-HDR_04-1536x1024.jpg 1536w, https:\/\/www.kils.de\/fotokurse\/wp-content\/uploads\/2026\/02\/MS200126_9194-HDR_04-2048x1366.jpg 2048w\" sizes=\"auto, (max-width: 1024px) 100vw, 1024px\" \/><button\n\t\t\tclass=\"lightbox-trigger\"\n\t\t\ttype=\"button\"\n\t\t\taria-haspopup=\"dialog\"\n\t\t\taria-label=\"Vergr\u00f6\u00dfern\"\n\t\t\tdata-wp-init=\"callbacks.initTriggerButton\"\n\t\t\tdata-wp-on--click=\"actions.showLightbox\"\n\t\t\tdata-wp-style--right=\"state.imageButtonRight\"\n\t\t\tdata-wp-style--top=\"state.imageButtonTop\"\n\t\t>\n\t\t\t<svg xmlns=\"http:\/\/www.w3.org\/2000\/svg\" width=\"12\" height=\"12\" fill=\"none\" viewBox=\"0 0 12 12\">\n\t\t\t\t<path fill=\"#fff\" d=\"M2 0a2 2 0 0 0-2 2v2h1.5V2a.5.5 0 0 1 .5-.5h2V0H2Zm2 10.5H2a.5.5 0 0 1-.5-.5V8H0v2a2 2 0 0 0 2 2h2v-1.5ZM8 12v-1.5h2a.5.5 0 0 0 .5-.5V8H12v2a2 2 0 0 1-2 2H8Zm2-12a2 2 0 0 1 2 2v2h-1.5V2a.5.5 0 0 0-.5-.5H8V0h2Z\" \/>\n\t\t\t<\/svg>\n\t\t<\/button><figcaption class=\"wp-element-caption\"><br>Verregnete Exkursion | 17mm-Shiftobjektiv,  0,8 s bei Blende 13 und ISO 100 mit Stativ<\/figcaption><\/figure>\n\n\n\n<div style=\"height:24px\" aria-hidden=\"true\" class=\"wp-block-spacer\"><\/div>\n\n\n\n<hr class=\"wp-block-separator has-text-color has-cyan-bluish-gray-color has-alpha-channel-opacity has-cyan-bluish-gray-background-color has-background is-style-default\"\/>\n\n\n\n<div style=\"height:24px\" aria-hidden=\"true\" class=\"wp-block-spacer\"><\/div>\n\n\n\n<p class=\"has-text-align-center\" style=\"font-size:18px\">F\u00fcr die n\u00e4chste Challenge fotografiert bitte ein Motiv mit unterschiedlichen Brennweiten! Es geht darum, die Wirkung eines Motivs mittels einer ge\u00e4nderten Perspektive und eines Wechsels von Weitwinkel auf Tele zu ver\u00e4ndern.<br>Das kann man auch wunderbar bei der Exkursion \u00fcben!<\/p>\n\n\n\n<div style=\"height:24px\" aria-hidden=\"true\" class=\"wp-block-spacer\"><\/div>\n\n\n\n<figure data-wp-context=\"{&quot;imageId&quot;:&quot;69f44cbd19c11&quot;}\" data-wp-interactive=\"core\/image\" data-wp-key=\"69f44cbd19c11\" class=\"wp-block-image alignwide size-large wp-lightbox-container\"><img loading=\"lazy\" decoding=\"async\" width=\"1024\" height=\"683\" data-wp-class--hide=\"state.isContentHidden\" data-wp-class--show=\"state.isContentVisible\" data-wp-init=\"callbacks.setButtonStyles\" data-wp-on--click=\"actions.showLightbox\" data-wp-on--load=\"callbacks.setButtonStyles\" data-wp-on-window--resize=\"callbacks.setButtonStyles\" src=\"https:\/\/www.kils.de\/fotokurse\/wp-content\/uploads\/2026\/02\/MS160830_0552-HDR-1024x683.jpg\" alt=\"\" class=\"wp-image-7851\" srcset=\"https:\/\/www.kils.de\/fotokurse\/wp-content\/uploads\/2026\/02\/MS160830_0552-HDR-1024x683.jpg 1024w, https:\/\/www.kils.de\/fotokurse\/wp-content\/uploads\/2026\/02\/MS160830_0552-HDR-300x200.jpg 300w, https:\/\/www.kils.de\/fotokurse\/wp-content\/uploads\/2026\/02\/MS160830_0552-HDR-768x512.jpg 768w, https:\/\/www.kils.de\/fotokurse\/wp-content\/uploads\/2026\/02\/MS160830_0552-HDR-1536x1024.jpg 1536w, https:\/\/www.kils.de\/fotokurse\/wp-content\/uploads\/2026\/02\/MS160830_0552-HDR-2048x1366.jpg 2048w\" sizes=\"auto, (max-width: 1024px) 100vw, 1024px\" \/><button\n\t\t\tclass=\"lightbox-trigger\"\n\t\t\ttype=\"button\"\n\t\t\taria-haspopup=\"dialog\"\n\t\t\taria-label=\"Vergr\u00f6\u00dfern\"\n\t\t\tdata-wp-init=\"callbacks.initTriggerButton\"\n\t\t\tdata-wp-on--click=\"actions.showLightbox\"\n\t\t\tdata-wp-style--right=\"state.imageButtonRight\"\n\t\t\tdata-wp-style--top=\"state.imageButtonTop\"\n\t\t>\n\t\t\t<svg xmlns=\"http:\/\/www.w3.org\/2000\/svg\" width=\"12\" height=\"12\" fill=\"none\" viewBox=\"0 0 12 12\">\n\t\t\t\t<path fill=\"#fff\" d=\"M2 0a2 2 0 0 0-2 2v2h1.5V2a.5.5 0 0 1 .5-.5h2V0H2Zm2 10.5H2a.5.5 0 0 1-.5-.5V8H0v2a2 2 0 0 0 2 2h2v-1.5ZM8 12v-1.5h2a.5.5 0 0 0 .5-.5V8H12v2a2 2 0 0 1-2 2H8Zm2-12a2 2 0 0 1 2 2v2h-1.5V2a.5.5 0 0 0-.5-.5H8V0h2Z\" \/>\n\t\t\t<\/svg>\n\t\t<\/button><figcaption class=\"wp-element-caption\"><br>Extremer Weitwinkel 17mm Brennweite (Vollformat)<\/figcaption><\/figure>\n\n\n\n<div style=\"height:24px\" aria-hidden=\"true\" class=\"wp-block-spacer\"><\/div>\n\n\n\n<figure data-wp-context=\"{&quot;imageId&quot;:&quot;69f44cbd1a173&quot;}\" data-wp-interactive=\"core\/image\" data-wp-key=\"69f44cbd1a173\" class=\"wp-block-image alignwide size-large wp-lightbox-container\"><img loading=\"lazy\" decoding=\"async\" width=\"1024\" height=\"694\" data-wp-class--hide=\"state.isContentHidden\" data-wp-class--show=\"state.isContentVisible\" data-wp-init=\"callbacks.setButtonStyles\" data-wp-on--click=\"actions.showLightbox\" data-wp-on--load=\"callbacks.setButtonStyles\" data-wp-on-window--resize=\"callbacks.setButtonStyles\" src=\"https:\/\/www.kils.de\/fotokurse\/wp-content\/uploads\/2026\/02\/MS111013_5243-1024x694.jpg\" alt=\"\" class=\"wp-image-7847\" srcset=\"https:\/\/www.kils.de\/fotokurse\/wp-content\/uploads\/2026\/02\/MS111013_5243-1024x694.jpg 1024w, https:\/\/www.kils.de\/fotokurse\/wp-content\/uploads\/2026\/02\/MS111013_5243-300x203.jpg 300w, https:\/\/www.kils.de\/fotokurse\/wp-content\/uploads\/2026\/02\/MS111013_5243-768x520.jpg 768w, https:\/\/www.kils.de\/fotokurse\/wp-content\/uploads\/2026\/02\/MS111013_5243-1536x1040.jpg 1536w, https:\/\/www.kils.de\/fotokurse\/wp-content\/uploads\/2026\/02\/MS111013_5243-2048x1387.jpg 2048w\" sizes=\"auto, (max-width: 1024px) 100vw, 1024px\" \/><button\n\t\t\tclass=\"lightbox-trigger\"\n\t\t\ttype=\"button\"\n\t\t\taria-haspopup=\"dialog\"\n\t\t\taria-label=\"Vergr\u00f6\u00dfern\"\n\t\t\tdata-wp-init=\"callbacks.initTriggerButton\"\n\t\t\tdata-wp-on--click=\"actions.showLightbox\"\n\t\t\tdata-wp-style--right=\"state.imageButtonRight\"\n\t\t\tdata-wp-style--top=\"state.imageButtonTop\"\n\t\t>\n\t\t\t<svg xmlns=\"http:\/\/www.w3.org\/2000\/svg\" width=\"12\" height=\"12\" fill=\"none\" viewBox=\"0 0 12 12\">\n\t\t\t\t<path fill=\"#fff\" d=\"M2 0a2 2 0 0 0-2 2v2h1.5V2a.5.5 0 0 1 .5-.5h2V0H2Zm2 10.5H2a.5.5 0 0 1-.5-.5V8H0v2a2 2 0 0 0 2 2h2v-1.5ZM8 12v-1.5h2a.5.5 0 0 0 .5-.5V8H12v2a2 2 0 0 1-2 2H8Zm2-12a2 2 0 0 1 2 2v2h-1.5V2a.5.5 0 0 0-.5-.5H8V0h2Z\" \/>\n\t\t\t<\/svg>\n\t\t<\/button><figcaption class=\"wp-element-caption\">Normalbrennweite 50mm (Vollformat)<\/figcaption><\/figure>\n\n\n\n<div style=\"height:24px\" aria-hidden=\"true\" class=\"wp-block-spacer\"><\/div>\n\n\n\n<figure data-wp-context=\"{&quot;imageId&quot;:&quot;69f44cbd1a699&quot;}\" data-wp-interactive=\"core\/image\" data-wp-key=\"69f44cbd1a699\" class=\"wp-block-image alignwide size-large wp-lightbox-container\"><img loading=\"lazy\" decoding=\"async\" width=\"1024\" height=\"683\" data-wp-class--hide=\"state.isContentHidden\" data-wp-class--show=\"state.isContentVisible\" data-wp-init=\"callbacks.setButtonStyles\" data-wp-on--click=\"actions.showLightbox\" data-wp-on--load=\"callbacks.setButtonStyles\" data-wp-on-window--resize=\"callbacks.setButtonStyles\" src=\"https:\/\/www.kils.de\/fotokurse\/wp-content\/uploads\/2026\/02\/MS160424_8056-1024x683.jpg\" alt=\"\" class=\"wp-image-7849\" srcset=\"https:\/\/www.kils.de\/fotokurse\/wp-content\/uploads\/2026\/02\/MS160424_8056-1024x683.jpg 1024w, https:\/\/www.kils.de\/fotokurse\/wp-content\/uploads\/2026\/02\/MS160424_8056-300x200.jpg 300w, https:\/\/www.kils.de\/fotokurse\/wp-content\/uploads\/2026\/02\/MS160424_8056-768x512.jpg 768w, https:\/\/www.kils.de\/fotokurse\/wp-content\/uploads\/2026\/02\/MS160424_8056-1536x1024.jpg 1536w, https:\/\/www.kils.de\/fotokurse\/wp-content\/uploads\/2026\/02\/MS160424_8056-2048x1366.jpg 2048w\" sizes=\"auto, (max-width: 1024px) 100vw, 1024px\" \/><button\n\t\t\tclass=\"lightbox-trigger\"\n\t\t\ttype=\"button\"\n\t\t\taria-haspopup=\"dialog\"\n\t\t\taria-label=\"Vergr\u00f6\u00dfern\"\n\t\t\tdata-wp-init=\"callbacks.initTriggerButton\"\n\t\t\tdata-wp-on--click=\"actions.showLightbox\"\n\t\t\tdata-wp-style--right=\"state.imageButtonRight\"\n\t\t\tdata-wp-style--top=\"state.imageButtonTop\"\n\t\t>\n\t\t\t<svg xmlns=\"http:\/\/www.w3.org\/2000\/svg\" width=\"12\" height=\"12\" fill=\"none\" viewBox=\"0 0 12 12\">\n\t\t\t\t<path fill=\"#fff\" d=\"M2 0a2 2 0 0 0-2 2v2h1.5V2a.5.5 0 0 1 .5-.5h2V0H2Zm2 10.5H2a.5.5 0 0 1-.5-.5V8H0v2a2 2 0 0 0 2 2h2v-1.5ZM8 12v-1.5h2a.5.5 0 0 0 .5-.5V8H12v2a2 2 0 0 1-2 2H8Zm2-12a2 2 0 0 1 2 2v2h-1.5V2a.5.5 0 0 0-.5-.5H8V0h2Z\" \/>\n\t\t\t<\/svg>\n\t\t<\/button><figcaption class=\"wp-element-caption\">Leichter Teleeffekt mit 105mm Brennweite (Vollformat) <\/figcaption><\/figure>\n\n\n\n<div style=\"height:24px\" aria-hidden=\"true\" class=\"wp-block-spacer\"><\/div>\n\n\n\n<figure data-wp-context=\"{&quot;imageId&quot;:&quot;69f44cbd1acbe&quot;}\" data-wp-interactive=\"core\/image\" data-wp-key=\"69f44cbd1acbe\" class=\"wp-block-image alignwide size-large wp-lightbox-container\"><img loading=\"lazy\" decoding=\"async\" width=\"1024\" height=\"683\" data-wp-class--hide=\"state.isContentHidden\" data-wp-class--show=\"state.isContentVisible\" data-wp-init=\"callbacks.setButtonStyles\" data-wp-on--click=\"actions.showLightbox\" data-wp-on--load=\"callbacks.setButtonStyles\" data-wp-on-window--resize=\"callbacks.setButtonStyles\" src=\"https:\/\/www.kils.de\/fotokurse\/wp-content\/uploads\/2026\/02\/MS170719_4589-1024x683.jpg\" alt=\"\" class=\"wp-image-7848\" srcset=\"https:\/\/www.kils.de\/fotokurse\/wp-content\/uploads\/2026\/02\/MS170719_4589-1024x683.jpg 1024w, https:\/\/www.kils.de\/fotokurse\/wp-content\/uploads\/2026\/02\/MS170719_4589-300x200.jpg 300w, https:\/\/www.kils.de\/fotokurse\/wp-content\/uploads\/2026\/02\/MS170719_4589-768x512.jpg 768w, https:\/\/www.kils.de\/fotokurse\/wp-content\/uploads\/2026\/02\/MS170719_4589-1536x1024.jpg 1536w, https:\/\/www.kils.de\/fotokurse\/wp-content\/uploads\/2026\/02\/MS170719_4589-2048x1366.jpg 2048w\" sizes=\"auto, (max-width: 1024px) 100vw, 1024px\" \/><button\n\t\t\tclass=\"lightbox-trigger\"\n\t\t\ttype=\"button\"\n\t\t\taria-haspopup=\"dialog\"\n\t\t\taria-label=\"Vergr\u00f6\u00dfern\"\n\t\t\tdata-wp-init=\"callbacks.initTriggerButton\"\n\t\t\tdata-wp-on--click=\"actions.showLightbox\"\n\t\t\tdata-wp-style--right=\"state.imageButtonRight\"\n\t\t\tdata-wp-style--top=\"state.imageButtonTop\"\n\t\t>\n\t\t\t<svg xmlns=\"http:\/\/www.w3.org\/2000\/svg\" width=\"12\" height=\"12\" fill=\"none\" viewBox=\"0 0 12 12\">\n\t\t\t\t<path fill=\"#fff\" d=\"M2 0a2 2 0 0 0-2 2v2h1.5V2a.5.5 0 0 1 .5-.5h2V0H2Zm2 10.5H2a.5.5 0 0 1-.5-.5V8H0v2a2 2 0 0 0 2 2h2v-1.5ZM8 12v-1.5h2a.5.5 0 0 0 .5-.5V8H12v2a2 2 0 0 1-2 2H8Zm2-12a2 2 0 0 1 2 2v2h-1.5V2a.5.5 0 0 0-.5-.5H8V0h2Z\" \/>\n\t\t\t<\/svg>\n\t\t<\/button><figcaption class=\"wp-element-caption\">Deutlicher Teleeffekt mit 280mm Brennweite (Vollformat)<\/figcaption><\/figure>\n\n\n\n<div style=\"height:30px\" aria-hidden=\"true\" class=\"wp-block-spacer\"><\/div>\n\n\n\n<hr class=\"wp-block-separator aligncenter has-text-color has-cyan-bluish-gray-color has-alpha-channel-opacity has-cyan-bluish-gray-background-color has-background is-style-wide\"\/>\n\n\n\n<div class=\"wp-block-columns has-cyan-bluish-gray-color has-text-color has-link-color wp-elements-6e086acffd98fc724b590a15825a625a is-layout-flex wp-container-core-columns-is-layout-9d6595d7 wp-block-columns-is-layout-flex\">\n<div class=\"wp-block-column is-layout-flow wp-block-column-is-layout-flow\"><\/div>\n\n\n\n<div class=\"wp-block-column is-layout-flow wp-block-column-is-layout-flow\"><\/div>\n<\/div>\n","protected":false},"excerpt":{"rendered":"<p>N\u00e4chste Woche: Objektive \/ Belichtungsmessung N\u00e4chsten Dienstag (24.02.2026) geht es um das Thema&#8222;Bildbearbeitung \/ Belichtungsmessung&#8220;! Motive gibt es genug, auch oder gerade bei Regenwetter!Manche sind schwer zu sehen, manche schwer &#8230;<\/p>\n","protected":false},"author":1,"featured_media":7842,"comment_status":"open","ping_status":"closed","sticky":false,"template":"","format":"standard","meta":{"slim_seo":{"title":"7. Kursabend - Fotografie &amp; Bildbestaltung","description":"N\u00e4chste Woche: Objektive \/ Belichtungsmessung N\u00e4chsten Dienstag (24.02.2026) geht es um das Thema \"Bildbearbeitung \/ Belichtungsmessung\"! Motive gibt es genug,"},"footnotes":""},"categories":[41,50,58],"tags":[59,54,76],"class_list":["post-7832","post","type-post","status-publish","format-standard","has-post-thumbnail","hentry","category-foto-exkursion","category-objektive","category-prinzipalmarkt","tag-bildbearbeitung","tag-exkursion","tag-prinzipalmarkt"],"_links":{"self":[{"href":"https:\/\/www.kils.de\/fotokurse\/wp-json\/wp\/v2\/posts\/7832","targetHints":{"allow":["GET"]}}],"collection":[{"href":"https:\/\/www.kils.de\/fotokurse\/wp-json\/wp\/v2\/posts"}],"about":[{"href":"https:\/\/www.kils.de\/fotokurse\/wp-json\/wp\/v2\/types\/post"}],"author":[{"embeddable":true,"href":"https:\/\/www.kils.de\/fotokurse\/wp-json\/wp\/v2\/users\/1"}],"replies":[{"embeddable":true,"href":"https:\/\/www.kils.de\/fotokurse\/wp-json\/wp\/v2\/comments?post=7832"}],"version-history":[{"count":9,"href":"https:\/\/www.kils.de\/fotokurse\/wp-json\/wp\/v2\/posts\/7832\/revisions"}],"predecessor-version":[{"id":7855,"href":"https:\/\/www.kils.de\/fotokurse\/wp-json\/wp\/v2\/posts\/7832\/revisions\/7855"}],"wp:featuredmedia":[{"embeddable":true,"href":"https:\/\/www.kils.de\/fotokurse\/wp-json\/wp\/v2\/media\/7842"}],"wp:attachment":[{"href":"https:\/\/www.kils.de\/fotokurse\/wp-json\/wp\/v2\/media?parent=7832"}],"wp:term":[{"taxonomy":"category","embeddable":true,"href":"https:\/\/www.kils.de\/fotokurse\/wp-json\/wp\/v2\/categories?post=7832"},{"taxonomy":"post_tag","embeddable":true,"href":"https:\/\/www.kils.de\/fotokurse\/wp-json\/wp\/v2\/tags?post=7832"}],"curies":[{"name":"wp","href":"https:\/\/api.w.org\/{rel}","templated":true}]}}