{"id":7863,"date":"2026-02-24T18:27:59","date_gmt":"2026-02-24T17:27:59","guid":{"rendered":"https:\/\/www.kils.de\/fotokurse\/?p=7863"},"modified":"2026-02-27T19:11:04","modified_gmt":"2026-02-27T18:11:04","slug":"post_241","status":"publish","type":"post","link":"https:\/\/www.kils.de\/fotokurse\/2026\/02\/24\/post_241\/","title":{"rendered":"8. Kursabend"},"content":{"rendered":"\n<p class=\"has-text-align-left has-medium-font-size\"><em>Blitzlichtfotografie<\/em><\/p>\n\n\n\n<figure data-wp-context=\"{&quot;imageId&quot;:&quot;69f54c24a19ba&quot;}\" data-wp-interactive=\"core\/image\" data-wp-key=\"69f54c24a19ba\" class=\"wp-block-image alignwide size-large wp-lightbox-container\"><img loading=\"lazy\" decoding=\"async\" width=\"1024\" height=\"683\" data-wp-class--hide=\"state.isContentHidden\" data-wp-class--show=\"state.isContentVisible\" data-wp-init=\"callbacks.setButtonStyles\" data-wp-on--click=\"actions.showLightbox\" data-wp-on--load=\"callbacks.setButtonStyles\" data-wp-on-window--resize=\"callbacks.setButtonStyles\" src=\"https:\/\/www.kils.de\/fotokurse\/wp-content\/uploads\/2026\/02\/VHS250718_1081_07-1024x683.jpg\" alt=\"\" class=\"wp-image-7866\" srcset=\"https:\/\/www.kils.de\/fotokurse\/wp-content\/uploads\/2026\/02\/VHS250718_1081_07-1024x683.jpg 1024w, https:\/\/www.kils.de\/fotokurse\/wp-content\/uploads\/2026\/02\/VHS250718_1081_07-300x200.jpg 300w, https:\/\/www.kils.de\/fotokurse\/wp-content\/uploads\/2026\/02\/VHS250718_1081_07-768x512.jpg 768w, https:\/\/www.kils.de\/fotokurse\/wp-content\/uploads\/2026\/02\/VHS250718_1081_07-1536x1024.jpg 1536w, https:\/\/www.kils.de\/fotokurse\/wp-content\/uploads\/2026\/02\/VHS250718_1081_07-2048x1366.jpg 2048w\" sizes=\"auto, (max-width: 1024px) 100vw, 1024px\" \/><button\n\t\t\tclass=\"lightbox-trigger\"\n\t\t\ttype=\"button\"\n\t\t\taria-haspopup=\"dialog\"\n\t\t\taria-label=\"Vergr\u00f6\u00dfern\"\n\t\t\tdata-wp-init=\"callbacks.initTriggerButton\"\n\t\t\tdata-wp-on--click=\"actions.showLightbox\"\n\t\t\tdata-wp-style--right=\"state.imageButtonRight\"\n\t\t\tdata-wp-style--top=\"state.imageButtonTop\"\n\t\t>\n\t\t\t<svg xmlns=\"http:\/\/www.w3.org\/2000\/svg\" width=\"12\" height=\"12\" fill=\"none\" viewBox=\"0 0 12 12\">\n\t\t\t\t<path fill=\"#fff\" d=\"M2 0a2 2 0 0 0-2 2v2h1.5V2a.5.5 0 0 1 .5-.5h2V0H2Zm2 10.5H2a.5.5 0 0 1-.5-.5V8H0v2a2 2 0 0 0 2 2h2v-1.5ZM8 12v-1.5h2a.5.5 0 0 0 .5-.5V8H12v2a2 2 0 0 1-2 2H8Zm2-12a2 2 0 0 1 2 2v2h-1.5V2a.5.5 0 0 0-.5-.5H8V0h2Z\" \/>\n\t\t\t<\/svg>\n\t\t<\/button><\/figure>\n\n\n\n<p class=\"has-text-align-center\">Zeitautomatik | 0,5 Sek.| f \/11 | ISO 200 <\/p>\n\n\n\n<div style=\"height:24px\" aria-hidden=\"true\" class=\"wp-block-spacer\"><\/div>\n\n\n\n<h2 class=\"wp-block-heading has-text-align-center\" style=\"font-size:18px\">Am kommenden Donnerstag (26.02.2026) lautet das Thema &#8222;Blitzlichtfotografie&#8220;.<br>Wir treffen uns aber diesmal im Raum 205!<\/h2>\n\n\n\n<h2 class=\"wp-block-heading has-text-align-center\" style=\"font-size:18px\">Am kommenden Sonntag (01.03.2026) treffen wir uns um 16.00 Uhr noch einmal zu einer Nachtexkursion!<br>Den genauen Treffpunkt legen wir noch im Kurs fest.<\/h2>\n\n\n\n<p><\/p>\n\n\n\n<div style=\"height:24px\" aria-hidden=\"true\" class=\"wp-block-spacer\"><\/div>\n\n\n\n<p class=\"has-text-align-center\" style=\"font-size:18px\">Der gekonnte Einsatz eines Blitzger\u00e4tes er\u00f6ffnet viele spannende M\u00f6glichkeiten.<br>Allerdings ist es sinnlos ein Feuerwerk wie dieses beim Send in M\u00fcnster anzublitzen!<br>Wenn die Kamera trotzdem blitzen will liegt es daran, dass die Vollautomatik eingestellt worden ist. Besser verwendet man die Zeitautomatik (ohne ISO-Automatik) um mit einer l\u00e4ngeren Belichtungszeit mehrere Explosionen auf einmal einzufangen.<br>Nat\u00fcrlich braucht man daf\u00fcr ein Stativ. <br><\/p>\n\n\n\n<hr class=\"wp-block-separator has-text-color has-cyan-bluish-gray-color has-alpha-channel-opacity has-cyan-bluish-gray-background-color has-background\"\/>\n\n\n\n<p class=\"has-text-align-center\" style=\"font-size:18px\"><br>Das Thema f\u00fcr die Kurs-Challenge hei\u00dft: TopShot &#8217;26!<\/p>\n\n\n\n<p class=\"has-text-align-center\" style=\"font-size:18px\">Gesucht wird das beste Foto,  das Ihr w\u00e4hrend des Fotokurses gemacht habt. Es kann ein Exkursionsfoto sein, aber auch ein Foto von Eurer Couch oder vom Fr\u00fchst\u00fcckstisch!<\/p>\n\n\n\n<p class=\"has-text-align-center\" style=\"font-size:18px\">Der Kreativit\u00e4t sind keine Grenzen gesetzt!<\/p>\n\n\n\n<p class=\"has-text-align-center\" style=\"font-size:18px\"><br>Ihr habt bis zum 03.03.2026 Zeit daf\u00fcr, dann k\u00f6nnt Ihr das Gewinner-Foto w\u00e4hlen und vielleicht sogar den (bescheidenen) Preis abr\u00e4umen!<\/p>\n\n\n\n<p class=\"has-text-align-center\" style=\"font-size:18px\">Hier geht es zur Challenge: <a href=\"https:\/\/www.kils.de\/fotokurse\/foto-challenge\/foto-challenge-2026-01\/foto-challenge-2026-01-topshot26\/\" title=\"\">TopShot &#8217;26<\/a><br>Die Challenge habe ich \u00fcbrigens von den anderen Challenges getrennt damit es keine Probleme bei der Abstimmung gibt.!<br><\/p>\n\n\n\n<div style=\"height:24px\" aria-hidden=\"true\" class=\"wp-block-spacer\"><\/div>\n\n\n\n<hr class=\"wp-block-separator has-text-color has-cyan-bluish-gray-color has-alpha-channel-opacity has-cyan-bluish-gray-background-color has-background\"\/>\n\n\n\n<div style=\"height:24px\" aria-hidden=\"true\" class=\"wp-block-spacer\"><\/div>\n\n\n\n<p class=\"has-text-align-center\" style=\"font-size:18px\"><\/p>\n\n\n\n<div style=\"height:24px\" aria-hidden=\"true\" class=\"wp-block-spacer\"><\/div>\n\n\n\n<div style=\"height:24px\" aria-hidden=\"true\" class=\"wp-block-spacer\"><\/div>\n\n\n\n<figure data-wp-context=\"{&quot;imageId&quot;:&quot;69f54c24a2dde&quot;}\" data-wp-interactive=\"core\/image\" data-wp-key=\"69f54c24a2dde\" class=\"wp-block-image alignwide size-large wp-lightbox-container\"><img loading=\"lazy\" decoding=\"async\" width=\"1024\" height=\"679\" data-wp-class--hide=\"state.isContentHidden\" data-wp-class--show=\"state.isContentVisible\" data-wp-init=\"callbacks.setButtonStyles\" data-wp-on--click=\"actions.showLightbox\" data-wp-on--load=\"callbacks.setButtonStyles\" data-wp-on-window--resize=\"callbacks.setButtonStyles\" src=\"https:\/\/www.kils.de\/fotokurse\/wp-content\/uploads\/2026\/02\/Bildschirmfoto-2026-02-25-um-16.00.45-1024x679.jpg\" alt=\"\" class=\"wp-image-7908\" srcset=\"https:\/\/www.kils.de\/fotokurse\/wp-content\/uploads\/2026\/02\/Bildschirmfoto-2026-02-25-um-16.00.45-1024x679.jpg 1024w, https:\/\/www.kils.de\/fotokurse\/wp-content\/uploads\/2026\/02\/Bildschirmfoto-2026-02-25-um-16.00.45-300x199.jpg 300w, https:\/\/www.kils.de\/fotokurse\/wp-content\/uploads\/2026\/02\/Bildschirmfoto-2026-02-25-um-16.00.45-768x509.jpg 768w, https:\/\/www.kils.de\/fotokurse\/wp-content\/uploads\/2026\/02\/Bildschirmfoto-2026-02-25-um-16.00.45-1536x1018.jpg 1536w, https:\/\/www.kils.de\/fotokurse\/wp-content\/uploads\/2026\/02\/Bildschirmfoto-2026-02-25-um-16.00.45.jpg 1548w\" sizes=\"auto, (max-width: 1024px) 100vw, 1024px\" \/><button\n\t\t\tclass=\"lightbox-trigger\"\n\t\t\ttype=\"button\"\n\t\t\taria-haspopup=\"dialog\"\n\t\t\taria-label=\"Vergr\u00f6\u00dfern\"\n\t\t\tdata-wp-init=\"callbacks.initTriggerButton\"\n\t\t\tdata-wp-on--click=\"actions.showLightbox\"\n\t\t\tdata-wp-style--right=\"state.imageButtonRight\"\n\t\t\tdata-wp-style--top=\"state.imageButtonTop\"\n\t\t>\n\t\t\t<svg xmlns=\"http:\/\/www.w3.org\/2000\/svg\" width=\"12\" height=\"12\" fill=\"none\" viewBox=\"0 0 12 12\">\n\t\t\t\t<path fill=\"#fff\" d=\"M2 0a2 2 0 0 0-2 2v2h1.5V2a.5.5 0 0 1 .5-.5h2V0H2Zm2 10.5H2a.5.5 0 0 1-.5-.5V8H0v2a2 2 0 0 0 2 2h2v-1.5ZM8 12v-1.5h2a.5.5 0 0 0 .5-.5V8H12v2a2 2 0 0 1-2 2H8Zm2-12a2 2 0 0 1 2 2v2h-1.5V2a.5.5 0 0 0-.5-.5H8V0h2Z\" \/>\n\t\t\t<\/svg>\n\t\t<\/button><\/figure>\n\n\n\n<div style=\"height:24px\" aria-hidden=\"true\" class=\"wp-block-spacer\"><\/div>\n\n\n\n<p class=\"has-text-align-center\" style=\"font-size:18px\">Auf zur finalen Challenge! Ihr werdet schon was Sch\u00f6nes finden!!!<br>&#8222;Datei nicht gefunden&#8220; gibt es nicht!<br><\/p>\n\n\n\n<div style=\"height:24px\" aria-hidden=\"true\" class=\"wp-block-spacer\"><\/div>\n\n\n\n<p class=\"has-text-align-center\" style=\"font-size:18px\">Unser n\u00e4chstes Exkursionsziel ist der Hafen<br>Am 01.03.2026 treffen wir uns um 16.30 Uhr genau hier:<\/p>\n\n\n\n<div style=\"height:24px\" aria-hidden=\"true\" class=\"wp-block-spacer\"><\/div>\n\n\n\n<iframe src=\"https:\/\/www.google.com\/maps\/embed?pb=!1m14!1m12!1m3!1d1738.8031812701133!2d7.638783980746623!3d51.95147950919186!2m3!1f0!2f0!3f0!3m2!1i1024!2i768!4f13.1!5e0!3m2!1sde!2sde!4v1733328697090!5m2!1sde!2sde\" width=\"100%\" height=\"800\" style=\"border:0;\" allowfullscreen=\"\" loading=\"lazy\" referrerpolicy=\"no-referrer-when-downgrade\"><\/iframe>\n\n\n\n<div style=\"height:24px\" aria-hidden=\"true\" class=\"wp-block-spacer\"><\/div>\n\n\n\n<p class=\"has-text-align-center\"><\/p>\n\n\n\n<p><\/p>\n\n\n\n<div style=\"height:24px\" aria-hidden=\"true\" class=\"wp-block-spacer\"><\/div>\n\n\n\n<hr class=\"wp-block-separator aligncenter has-text-color has-cyan-bluish-gray-color has-alpha-channel-opacity has-cyan-bluish-gray-background-color has-background is-style-wide\"\/>\n\n\n\n<div class=\"wp-block-columns has-cyan-bluish-gray-color has-text-color has-link-color wp-elements-6e086acffd98fc724b590a15825a625a is-layout-flex wp-container-core-columns-is-layout-9d6595d7 wp-block-columns-is-layout-flex\">\n<div class=\"wp-block-column is-layout-flow wp-block-column-is-layout-flow\"><\/div>\n\n\n\n<div class=\"wp-block-column is-layout-flow wp-block-column-is-layout-flow\"><\/div>\n<\/div>\n\n\n\n<p><\/p>\n","protected":false},"excerpt":{"rendered":"<p>Blitzlichtfotografie Zeitautomatik | 0,5 Sek.| f \/11 | ISO 200 Am kommenden Donnerstag (26.02.2026) lautet das Thema &#8222;Blitzlichtfotografie&#8220;.Wir treffen uns aber diesmal im Raum 205! Am kommenden Sonntag (01.03.2026) treffen &#8230;<\/p>\n","protected":false},"author":1,"featured_media":7866,"comment_status":"open","ping_status":"closed","sticky":false,"template":"","format":"standard","meta":{"slim_seo":{"title":"8. Kursabend - Fotografie &amp; Bildbestaltung","description":"Blitzlichtfotografie Zeitautomatik | 0,5 Sek.| f \/11 | ISO 200 Am kommenden Donnerstag (26.02.2026) lautet das Thema \"Blitzlichtfotografie\". Wir treffen uns abe"},"footnotes":""},"categories":[56,41,58],"tags":[57],"class_list":["post-7863","post","type-post","status-publish","format-standard","has-post-thumbnail","hentry","category-blitzlicht","category-foto-exkursion","category-prinzipalmarkt","tag-blitzlicht"],"_links":{"self":[{"href":"https:\/\/www.kils.de\/fotokurse\/wp-json\/wp\/v2\/posts\/7863","targetHints":{"allow":["GET"]}}],"collection":[{"href":"https:\/\/www.kils.de\/fotokurse\/wp-json\/wp\/v2\/posts"}],"about":[{"href":"https:\/\/www.kils.de\/fotokurse\/wp-json\/wp\/v2\/types\/post"}],"author":[{"embeddable":true,"href":"https:\/\/www.kils.de\/fotokurse\/wp-json\/wp\/v2\/users\/1"}],"replies":[{"embeddable":true,"href":"https:\/\/www.kils.de\/fotokurse\/wp-json\/wp\/v2\/comments?post=7863"}],"version-history":[{"count":19,"href":"https:\/\/www.kils.de\/fotokurse\/wp-json\/wp\/v2\/posts\/7863\/revisions"}],"predecessor-version":[{"id":7924,"href":"https:\/\/www.kils.de\/fotokurse\/wp-json\/wp\/v2\/posts\/7863\/revisions\/7924"}],"wp:featuredmedia":[{"embeddable":true,"href":"https:\/\/www.kils.de\/fotokurse\/wp-json\/wp\/v2\/media\/7866"}],"wp:attachment":[{"href":"https:\/\/www.kils.de\/fotokurse\/wp-json\/wp\/v2\/media?parent=7863"}],"wp:term":[{"taxonomy":"category","embeddable":true,"href":"https:\/\/www.kils.de\/fotokurse\/wp-json\/wp\/v2\/categories?post=7863"},{"taxonomy":"post_tag","embeddable":true,"href":"https:\/\/www.kils.de\/fotokurse\/wp-json\/wp\/v2\/tags?post=7863"}],"curies":[{"name":"wp","href":"https:\/\/api.w.org\/{rel}","templated":true}]}}